{"id":2975489,"date":"2024-08-29T11:48:00","date_gmt":"2024-08-29T18:48:00","guid":{"rendered":"https:\/\/agpnoticias.com\/news\/?p=2975489"},"modified":"2024-08-29T11:48:03","modified_gmt":"2024-08-29T18:48:03","slug":"anuncian-la-ultima-edicion-del-paseo-ciclista-rosarito-ensenada-bajo-su-organizacion-actual","status":"publish","type":"post","link":"https:\/\/agpnoticias.com\/news\/?p=2975489","title":{"rendered":"Anuncian la \u00faltima edici\u00f3n del Paseo Ciclista Rosarito-Ensenada bajo su organizaci\u00f3n actual"},"content":{"rendered":"\n<p><span style=\"font-size: revert;\">Ensenada, Baja California.- La edici\u00f3n 45 del emblem\u00e1tico Paseo Ciclista Rosarito-Ensenada marcar\u00e1 el final de una era, seg\u00fan anunci\u00f3 Claudia Ley, organizadora del evento, en una rueda de prensa celebrada recientemente. Tanto ella como Guillermo Rodr\u00edguez Macouzet, quienes han estado al frente de la organizaci\u00f3n durante 45 a\u00f1os, se retirar\u00e1n de sus funciones tras este evento.<\/span><\/p>\n<p>Durante la conferencia, Ley detall\u00f3 que un nuevo promotor, con experiencia en la organizaci\u00f3n de eventos de esta magnitud, se encargar\u00e1 de coordinar la pr\u00f3xima edici\u00f3n del paseo, prevista para mayo del pr\u00f3ximo a\u00f1o.<\/p>\n<p><a href=\"https:\/\/agpnoticias.com\/news\/?attachment_id=2975490\" rel=\"attachment wp-att-2975490\"><img fetchpriority=\"high\" decoding=\"async\" class=\"aligncenter size-full wp-image-2975490\" src=\"https:\/\/agpnoticias.com\/news\/wp-content\/uploads\/2024\/08\/IMG_7855.jpeg\" alt=\"\" width=\"1200\" height=\"900\" srcset=\"https:\/\/agpnoticias.com\/news\/wp-content\/uploads\/2024\/08\/IMG_7855.jpeg 1200w, https:\/\/agpnoticias.com\/news\/wp-content\/uploads\/2024\/08\/IMG_7855-1024x768.jpeg 1024w\" sizes=\"(max-width: 1200px) 100vw, 1200px\" \/><\/a><\/p>\n<p>El evento, que se llevar\u00e1 a cabo el pr\u00f3ximo s\u00e1bado 28 de septiembre, espera reunir a cerca de 4 mil ciclistas en un recorrido por la carretera esc\u00e9nica. Para garantizar la seguridad se contar\u00e1 con la participaci\u00f3n de 400 personas como staff, 10 ambulancias y 3 barredoras que se encargar\u00e1n de recoger a los ciclistas que no puedan completar el trayecto. Adem\u00e1s, un grupo de motociclistas tambi\u00e9n estar\u00e1 apoyando en el recorrido.<\/p>\n<p>Las inscripciones para el evento ya est\u00e1n abiertas a trav\u00e9s del portal oficial http:\/\/www.rosaritoensenada.com, as\u00ed como en varios puntos de venta en Rosarito y Ensenada.<\/p>\n<p>El costo de inscripci\u00f3n es de 850 pesos y pueden participar personas de 8 a 79 a\u00f1os. Adem\u00e1s, habr\u00e1 inscripciones disponibles el mismo d\u00eda de la salida, en el Hotel Rosarito Beach, de donde partir\u00e1n los ciclistas a las 10 de la ma\u00f1ana.<\/p>\n<p>El Paseo Ciclista Rosarito-Ensenada se ha consolidado como un evento emblem\u00e1tico en la regi\u00f3n, atrayendo a miles de participantes de diferentes partes del mundo, y esta \u00faltima edici\u00f3n bajo la actual organizaci\u00f3n promete ser un cierre memorable.\u00a0<\/p>\n<p>\u00a0<\/p>\n<p>\u00a0<\/p>\n","protected":false},"excerpt":{"rendered":"","protected":false},"author":1,"featured_media":2909448,"comment_status":"closed","ping_status":"closed","sticky":false,"template":"","format":"standard","meta":{"footnotes":""},"categories":[1,692,1151],"tags":[],"class_list":["post-2975489","post","type-post","status-publish","format-standard","has-post-thumbnail","hentry","category-uncategorized","category-ciclismo","category-portada"],"_links":{"self":[{"href":"https:\/\/agpnoticias.com\/news\/index.php?rest_route=\/wp\/v2\/posts\/2975489","targetHints":{"allow":["GET"]}}],"collection":[{"href":"https:\/\/agpnoticias.com\/news\/index.php?rest_route=\/wp\/v2\/posts"}],"about":[{"href":"https:\/\/agpnoticias.com\/news\/index.php?rest_route=\/wp\/v2\/types\/post"}],"author":[{"embeddable":true,"href":"https:\/\/agpnoticias.com\/news\/index.php?rest_route=\/wp\/v2\/users\/1"}],"replies":[{"embeddable":true,"href":"https:\/\/agpnoticias.com\/news\/index.php?rest_route=%2Fwp%2Fv2%2Fcomments&post=2975489"}],"version-history":[{"count":2,"href":"https:\/\/agpnoticias.com\/news\/index.php?rest_route=\/wp\/v2\/posts\/2975489\/revisions"}],"predecessor-version":[{"id":2975548,"href":"https:\/\/agpnoticias.com\/news\/index.php?rest_route=\/wp\/v2\/posts\/2975489\/revisions\/2975548"}],"wp:featuredmedia":[{"embeddable":true,"href":"https:\/\/agpnoticias.com\/news\/index.php?rest_route=\/wp\/v2\/media\/2909448"}],"wp:attachment":[{"href":"https:\/\/agpnoticias.com\/news\/index.php?rest_route=%2Fwp%2Fv2%2Fmedia&parent=2975489"}],"wp:term":[{"taxonomy":"category","embeddable":true,"href":"https:\/\/agpnoticias.com\/news\/index.php?rest_route=%2Fwp%2Fv2%2Fcategories&post=2975489"},{"taxonomy":"post_tag","embeddable":true,"href":"https:\/\/agpnoticias.com\/news\/index.php?rest_route=%2Fwp%2Fv2%2Ftags&post=2975489"}],"curies":[{"name":"wp","href":"https:\/\/api.w.org\/{rel}","templated":true}]}}