{"id":2975606,"date":"2024-08-31T16:16:21","date_gmt":"2024-08-31T23:16:21","guid":{"rendered":"https:\/\/agpnoticias.com\/news\/?p=2975606"},"modified":"2024-08-31T16:16:24","modified_gmt":"2024-08-31T23:16:24","slug":"esta-bien-protegido-osorio-sobre-gilberto-mora-el-talento-especial-al-que-debuto-a-los-15-anos-2","status":"publish","type":"post","link":"https:\/\/agpnoticias.com\/news\/?p=2975606","title":{"rendered":"\u201cEst\u00e1 bien protegido\u201d: Osorio sobre Gilberto Mora, el \u201ctalento especial\u201d al que debut\u00f3 a los 15 a\u00f1os"},"content":{"rendered":"\n<p>Tijuana, Baja California.- Juan Carlos Osorio lo ha hecho tan bien al frente de los Xolos de Tijuana, que el equipo amaneci\u00f3 este s\u00e1bado como l\u00edder del torneo Apertura 2024.<\/p>\n<p>Cierto, con dos compromisos m\u00e1s que casi el resto de los competidores, pero tambi\u00e9n es cierto que esos dos juegos m\u00e1s que el resto, los han ganado los suyos (3-1 sobre Santos en el adelantado por la fecha ocho y el m\u00e1s reciente ante Le\u00f3n por 2-1 por la sexta jornada).<\/p>\n<p>Y en ambos ha habido una figura inesperada: Gilberto Mora, el joven de 15 a\u00f1os que debut\u00f3 aquella vez ante Santos y que hizo su primer gol en el m\u00e1ximo circuito esta vez ante Le\u00f3n.<\/p>\n<p>La revelaci\u00f3n del torneo mexicano, a quien ya se le coloca en la mira de conjuntos europeos, en particular del Feyenoord &#8211;seg\u00fan el mismo Osorio confirm\u00f3&#8211;, se ha convertido en el anotador de gol m\u00e1s joven de la Liga MX, adem\u00e1s de ser el titular m\u00e1s precoz dentro de la misma competencia.<\/p>\n<p>Su aparici\u00f3n en el primer equipo del Club Tijuana es reciente. Sucedi\u00f3 al regreso de la desafortunada Leagues Cup, competencia entre equipos de la Liga MX y la MLS, donde Xolos, al igual que la mayor\u00eda de los planteles mexicanos, qued\u00f3 en el camino durante la fase de grupos.<\/p>\n<p>\u201cTuve la oportunidad de observar el talento de Gilberto. Fue uno de los cuatro jugadores que convocamos al verlos despu\u00e9s de la Leagues Cup. Le dimos la oportunidad de competir y lo hizo muy bien, por eso nos decidimos a ponerlo\u201c, explic\u00f3 el ex seleccionado nacional.<\/p>\n<p>Luego de la cuarta victoria de su equipo en siete juegos del torneo, el entrenador explic\u00f3 sobre la titularidad de Mora: \u201cPoco soy de hablar en primera persona, pero decido ponerlo bien rodeado y ante la ausencia de Domingo Blanco, para que \u00e9l sea el tercer, cuarto o hasta quinto volante, dandole la libertad de que exprese su juego\u201c.<\/p>\n<p>En ese sentido argument\u00f3 que su confianza en el futbolista se debi\u00f3 a que \u201cmostr\u00f3 sus grandes condiciones\u201c desde que lo observ\u00f3 al ser ascendido de la estructura de fuerzas b\u00e1sicas de la organizaci\u00f3n.<\/p>\n<p>\u201cEstamos ante un talento muy especial y me siento privilegiado de poder entrenarlo y consolidarlo y que a futuro sea un jugador muy importante para el futbol mexicano\u201c, apunt\u00f3.<\/p>\n<p>Por lo pronto, Osorio prioriz\u00f3 que \u201clo principal (para Gilberto) es su n\u00facleo familiar\u201c.<\/p>\n<p>\u201cSus padres han hecho una muy bonita familia, y lo van a proteger de todos aquellos que van a tratar de aprovechar de su talento y de su buen momento para beneficio propio y no de \u00e9l. De nuestra parte est\u00e1 tambi\u00e9n muy bien protegido\u201c, sostuvo.<\/p>\n<p><iframe title=\"\u201dEst\u00e1 bien protegido\u201d: Osorio sobre Gilberto Mora, el \u201ctalento especial\u201d al que debut\u00f3 a los 15 a\u00f1os\" width=\"640\" height=\"360\" src=\"https:\/\/www.youtube.com\/embed\/-s2Q8SAUGOs?start=29&#038;feature=oembed\" frameborder=\"0\" allow=\"accelerometer; autoplay; clipboard-write; encrypted-media; gyroscope; picture-in-picture; web-share\" referrerpolicy=\"strict-origin-when-cross-origin\" allowfullscreen><\/iframe><\/p>\n","protected":false},"excerpt":{"rendered":"","protected":false},"author":1,"featured_media":2975598,"comment_status":"closed","ping_status":"closed","sticky":false,"template":"","format":"video","meta":{"footnotes":""},"categories":[32,1081,1151,1152,17],"tags":[],"class_list":["post-2975606","post","type-post","status-publish","format-video","has-post-thumbnail","hentry","category-soccer","category-liga-mx","category-portada","category-editor-seleccion","category-xolos-de-tijuana","post_format-post-format-video"],"_links":{"self":[{"href":"https:\/\/agpnoticias.com\/news\/index.php?rest_route=\/wp\/v2\/posts\/2975606","targetHints":{"allow":["GET"]}}],"collection":[{"href":"https:\/\/agpnoticias.com\/news\/index.php?rest_route=\/wp\/v2\/posts"}],"about":[{"href":"https:\/\/agpnoticias.com\/news\/index.php?rest_route=\/wp\/v2\/types\/post"}],"author":[{"embeddable":true,"href":"https:\/\/agpnoticias.com\/news\/index.php?rest_route=\/wp\/v2\/users\/1"}],"replies":[{"embeddable":true,"href":"https:\/\/agpnoticias.com\/news\/index.php?rest_route=%2Fwp%2Fv2%2Fcomments&post=2975606"}],"version-history":[{"count":1,"href":"https:\/\/agpnoticias.com\/news\/index.php?rest_route=\/wp\/v2\/posts\/2975606\/revisions"}],"predecessor-version":[{"id":2975608,"href":"https:\/\/agpnoticias.com\/news\/index.php?rest_route=\/wp\/v2\/posts\/2975606\/revisions\/2975608"}],"wp:featuredmedia":[{"embeddable":true,"href":"https:\/\/agpnoticias.com\/news\/index.php?rest_route=\/wp\/v2\/media\/2975598"}],"wp:attachment":[{"href":"https:\/\/agpnoticias.com\/news\/index.php?rest_route=%2Fwp%2Fv2%2Fmedia&parent=2975606"}],"wp:term":[{"taxonomy":"category","embeddable":true,"href":"https:\/\/agpnoticias.com\/news\/index.php?rest_route=%2Fwp%2Fv2%2Fcategories&post=2975606"},{"taxonomy":"post_tag","embeddable":true,"href":"https:\/\/agpnoticias.com\/news\/index.php?rest_route=%2Fwp%2Fv2%2Ftags&post=2975606"}],"curies":[{"name":"wp","href":"https:\/\/api.w.org\/{rel}","templated":true}]}}