{"id":2975848,"date":"2024-09-06T21:20:52","date_gmt":"2024-09-07T04:20:52","guid":{"rendered":"https:\/\/agpnoticias.com\/news\/?p=2975848"},"modified":"2024-09-06T21:20:52","modified_gmt":"2024-09-07T04:20:52","slug":"uruguay-no-pudo-con-paraguay-en-la-despedida-de-suarez","status":"publish","type":"post","link":"https:\/\/agpnoticias.com\/news\/?p=2975848","title":{"rendered":"Uruguay no pudo con Paraguay en la despedida de Su\u00e1rez"},"content":{"rendered":"<p>Montevideo, Uruguay.- Una vez consumado un ins\u00edpido empate, Luis Su\u00e1rez comparti\u00f3 abrazos con todos. El m\u00e1s emotivo fue con \u00d3scar Washington Tab\u00e1rez, el ext\u00e9cnico uruguayo que, con 77 a\u00f1os, lleg\u00f3 hasta el centro del campo para participar del homenaje y despedida.<\/p>\n<p>Llam\u00f3 la atenci\u00f3n la ausencia de Marcelo Bielsa, el t\u00e9cnico actual, a los pies del escenario que se mont\u00f3 en el centro de la cancha.<\/p>\n<p>Tal vez el resultado en la eliminatoria no dej\u00f3 de muy buen humor al estratega argentino.<\/p>\n<p>En un encuentro gris que marc\u00f3 el adi\u00f3s del astro Su\u00e1rez, Uruguay no pudo encontrar el funcionamiento de actuaciones recientes y se conform\u00f3 el viernes con un empate 0-0 como local ante Paraguay, para comprometer su segundo puesto en las eliminatorias al Mundial de 2026.<\/p>\n<p>La expectativa generada por la despedida de Su\u00e1rez de la selecci\u00f3n uruguaya no encontr\u00f3 eco en el partido, discreto y rocoso, que no impidi\u00f3 el emotivo homenaje al final.<\/p>\n<p>\u201cAgradecerles por este cari\u00f1o y pedirles una cosa: Uruguay es m\u00e1s grande que cualquier jugador, entrenador o director deportivo. A partir de ma\u00f1ana ser un hincha mas y desearle lo mejor a los compa\u00f1eros que vienen. Arriba Uruguay y siempre agradecido al pueblo uruguayo\u201d, dijo entre l\u00e1grimas el actual delantero de Inter Miami.<\/p>\n<div class=\"PageListEnhancementGeneric Enhancement\" data-module=\"\" data-module-trackunsubscribe=\"\" data-align-center=\"\">\n<div class=\"Enhancement-item\">\n<div class=\"PageList-header\" data-prompt=\"visible\">\n<p>El entrenador visitante Gustavo Alfaro supo identificar las debilidades de un rival que lleg\u00f3 a la cita con nueve bajas entre sus titulares habituales, entre lesiones y suspensiones. Y si Paraguay no se llev\u00f3 los tres puntos a Asunci\u00f3n fue por la mala punter\u00eda de un equipo que ha convertido un s\u00f3lo gol en las siete fechas disputadas hasta el momento.<\/p>\n<p>Los dirigidos por Bielsa, que consiguieron hace un par de meses el tercer sitio de la Copa Am\u00e9rica disputada en Estados Unidos, no encontraron claridad en el Estadio Centenario.<\/p>\n<p>Llegaron a 14 puntos, cuatro menos que Argentina, l\u00edder de la eliminatoria que reparte seis boletos directos para la cita mundialista de la que ser\u00e1n coanfitriones Estados Unidos, M\u00e9xico y Canad\u00e1.<\/p>\n<p>Su\u00e1rez, de 37 a\u00f1os, aline\u00f3 de inicio, cuatro d\u00edas despu\u00e9s de anunciar que este cotejo ser\u00eda su \u00faltimo con la Celeste. El exastro del Liverpool y del Barcelona se marcha de la selecci\u00f3n con 69 dianas en su haber.<\/p>\n<p>Paraguay estren\u00f3 t\u00e9cnico con el argentino Alfaro, quien dej\u00f3 el mes pasado las riendas de Costa Rica para acometer la misi\u00f3n de colocar a la Albirroja en la Copa del Mundo.<\/p>\n<p>Por ahora, los paraguayos tienen seis puntos, que les habilitan para disputar un repechaje continental.<\/p>\n<p>Bielsa sufri\u00f3 para este partido las ausencias de Darwin N\u00fa\u00f1ez, Rodrigo Bentancur, Math\u00edas Olivera, Ronald Araujo, y Jos\u00e9 Mar\u00eda Gim\u00e9nez por sanciones que les aplic\u00f3 Conmebol a partir del altercado en el partido ante Colombia del 10 de julio pasado, por una de las semifinales de la Copa Am\u00e9rica.<\/p>\n<p>Asimismo, Mat\u00edas Vi\u00f1a, Joaqu\u00edn Piquerez, Giorgian De Arrascaeta y Nicol\u00e1s de la Cruz fueron baja por lesi\u00f3n. Bielsa se vio obligado a armar un equipo con lo que ten\u00eda, contando con un Su\u00e1rez voluntarioso, que por momentos jug\u00f3 \u201cde 9 y medio\u201d, retrocediendo m\u00e1s de la cuenta para participar del juego asociado.<\/p>\n<p>Uruguay sufri\u00f3 mucho, en las transiciones y en la marca, la ausencia de un volante mixto, una tarea que usualmente recae en De Arrascaeta, De la Cruz o hasta Bentancur.<\/p>\n<p>As\u00ed, la velocidad de Julio Enciso y Miguel Almir\u00f3n complic\u00f3 al bloque defensivo celeste y, con los minutos fue creciendo la ventaja paraguaya en el mediocampo, que s\u00f3lo encontr\u00f3 resistencia en la figura de Manuel Ugarte, con un Valverde apagado, sin marca, ni juego, y errando casi todos los pases verticales.<\/p>\n<p>Tras un primer tiempo en el que su equipo termin\u00f3 atacando con cinco jugadores, Alfaro entendi\u00f3 que su equipo tomaba las riendas del partido y en el complemento meti\u00f3 a Ram\u00f3n Sosa para soltar un poco a sus volantes y generar juego por el sector izquierdo, donde Uruguay tambi\u00e9n mostr\u00f3 falencias defensivas.<\/p>\n<p>Con todo, el \u00eddolo Su\u00e1rez tuvo su fiesta de despedida; salt\u00f3 al campo de juego con sus tres hijos, a quienes dedic\u00f3 cada uno de sus goles y tras cantar por \u00faltima vez el himno uruguayo, se emocion\u00f3 \u00e9l tambi\u00e9n con el recuerdo de Juan Izquierdo, el defensa de Nacional fallecido el 27 de agosto en Sao Paulo, al cual el \u201cPistolero\u201d tuvo como compa\u00f1ero en su paso por el decano uruguayo en 2022.<\/p>\n<p>Tab\u00e1rez; los presidentes de Uruguay, Luis Lacalle Pou, y de Paraguay, Santiago Pe\u00f1a, as\u00ed como figuras como Diego Lugano y Diego Forl\u00e1n, dijeron presentes para despedir al m\u00e1ximo artillero de la historia del combinado celeste, que, ahora s\u00ed, cierra su trayectoria de 143 encuentros.<\/p>\n<p>Su\u00e1rez record\u00f3 los momentos dif\u00edciles de una generaci\u00f3n que despide al \u00faltimo y m\u00e1s importante de sus referentes.<\/p>\n<p>\u201cMe acuerdo much\u00edsimas cosas, nos llegaron a decir vendepatria y la gente no sabe lo que nosotros luchamos por esta camiseta. Lo dif\u00edcil que es representar un pa\u00eds, no es nada f\u00e1cil asumir esa responsabilidad y nosotros, la mayor\u00eda, llegamos ac\u00e1 hechos un ni\u00f1o y tuvimos el mismo deseo, llevar al pa\u00eds lo m\u00e1s lejos posible\u201d, expres\u00f3.<\/p>\n<p>No faltaron los saludos de Neymar Jr., Lionel Messi, Enzo Francescoli y Sebasti\u00e1n Abreu, mediante un video proyectado por la misma pantalla gigante que minutos antes emiti\u00f3 los goles del pistolero vestido de celeste.<\/p>\n<p>Uruguay visitar\u00e1 a Venezuela el martes en la siguiente fecha de la eliminatoria, mientras que Paraguay ser\u00e1 anfitri\u00f3n de Brasil.<\/p>\n<p><em>Informaci\u00f3n: AP.<\/em><\/p>\n<\/div>\n<\/div>\n<\/div>\n","protected":false},"excerpt":{"rendered":"<p>Montevideo, Uruguay.- Una vez consumado un ins\u00edpido empate, Luis Su\u00e1rez comparti\u00f3 abrazos con todos. El&#8230;<\/p>\n","protected":false},"author":1,"featured_media":2975849,"comment_status":"closed","ping_status":"closed","sticky":false,"template":"","format":"standard","meta":{"footnotes":""},"categories":[32,1144,1151],"tags":[907],"class_list":["post-2975848","post","type-post","status-publish","format-standard","has-post-thumbnail","hentry","category-soccer","category-futbol-internacional","category-portada","tag-tendencia"],"_links":{"self":[{"href":"https:\/\/agpnoticias.com\/news\/index.php?rest_route=\/wp\/v2\/posts\/2975848","targetHints":{"allow":["GET"]}}],"collection":[{"href":"https:\/\/agpnoticias.com\/news\/index.php?rest_route=\/wp\/v2\/posts"}],"about":[{"href":"https:\/\/agpnoticias.com\/news\/index.php?rest_route=\/wp\/v2\/types\/post"}],"author":[{"embeddable":true,"href":"https:\/\/agpnoticias.com\/news\/index.php?rest_route=\/wp\/v2\/users\/1"}],"replies":[{"embeddable":true,"href":"https:\/\/agpnoticias.com\/news\/index.php?rest_route=%2Fwp%2Fv2%2Fcomments&post=2975848"}],"version-history":[{"count":1,"href":"https:\/\/agpnoticias.com\/news\/index.php?rest_route=\/wp\/v2\/posts\/2975848\/revisions"}],"predecessor-version":[{"id":2975850,"href":"https:\/\/agpnoticias.com\/news\/index.php?rest_route=\/wp\/v2\/posts\/2975848\/revisions\/2975850"}],"wp:featuredmedia":[{"embeddable":true,"href":"https:\/\/agpnoticias.com\/news\/index.php?rest_route=\/wp\/v2\/media\/2975849"}],"wp:attachment":[{"href":"https:\/\/agpnoticias.com\/news\/index.php?rest_route=%2Fwp%2Fv2%2Fmedia&parent=2975848"}],"wp:term":[{"taxonomy":"category","embeddable":true,"href":"https:\/\/agpnoticias.com\/news\/index.php?rest_route=%2Fwp%2Fv2%2Fcategories&post=2975848"},{"taxonomy":"post_tag","embeddable":true,"href":"https:\/\/agpnoticias.com\/news\/index.php?rest_route=%2Fwp%2Fv2%2Ftags&post=2975848"}],"curies":[{"name":"wp","href":"https:\/\/api.w.org\/{rel}","templated":true}]}}