{"id":2976308,"date":"2024-09-19T08:21:10","date_gmt":"2024-09-19T15:21:10","guid":{"rendered":"https:\/\/agpnoticias.com\/news\/?p=2976308"},"modified":"2024-09-19T08:21:12","modified_gmt":"2024-09-19T15:21:12","slug":"mlb-inhabilito-a-julio-urias-de-manera-indefinida","status":"publish","type":"post","link":"https:\/\/agpnoticias.com\/news\/?p=2976308","title":{"rendered":"MLB inhabilit\u00f3 a Julio Ur\u00edas de manera indefinida"},"content":{"rendered":"<p data-t=\"{&quot;n&quot;:&quot;blueLinks&quot;}\">Los \u00c1ngeles, California.- La oficina del comisionado de la Major League Baseball\u00a0(MLB) coloc\u00f3 el 6 de septiembre de 2023 al lanzador mexicano\u00a0Julio Ur\u00edas\u00a0bajo\u00a0licencia administrativa\u00a0de forma indefinida, misma que se mantiene hasta el d\u00eda de hoy, lo que en ese momento provoc\u00f3 la salida del roster de\u00a0Los Angeles Dodgers tres d\u00edas despu\u00e9s de haber sido arrestado en la ciudad de Los \u00c1ngeles y de ser acusado de violencia dom\u00e9stica grave.<\/p>\n<p data-t=\"{&quot;n&quot;:&quot;blueLinks&quot;}\">Aunque la oficina del comisionado de las\u00a0Grandes Ligas\u00a0tiene la facultad para colocar a cualquier pelotero bajo licencia administrativa de manera unilateral, la decisi\u00f3n sobre Ur\u00edas fue\u00a0en acuerdo con la Asociaci\u00f3n de Jugadores, seg\u00fan report\u00f3 en ese momento Jeff Passan de ESPN EE.UU.<\/p>\n<p>Ha pasado un a\u00f1o de que se dio a conocer la agresi\u00f3n del lanzador mexicano y la oficina de las Grandes Ligas mantiene a Julio Ur\u00edas en la misma situaci\u00f3n de licencia administrativa, sin haberse pronunciado al respecto.<\/p>\n<h2 class=\"article-sub-heading\"><b>Dodgers anunci\u00f3 la cooperaci\u00f3n con MLB en el caso Ur\u00edas\u00a0<\/b><\/h2>\n<p class=\"continue-read-break\" data-t=\"{&quot;n&quot;:&quot;blueLinks&quot;}\">\u201c<b>Los Dodgers<\/b>\u00a0toman muy en serio todas las acusaciones de este tipo en este caso y\u00a0<b>no aprobamos ni excusamos ning\u00fan acto de violencia dom\u00e9stica<\/b>\u201d, fue el mensaje que publicaron en un comunicado los Dodgers a trav\u00e9s de sus redes sociales. \u201cEstamos cooperando plenamente con la investigaci\u00f3n de MLB y apoyamos la aplicaci\u00f3n de la pol\u00edtica por parte de MLB y del comisionado. Los Dodgers no har\u00e1n m\u00e1s comentarios en este momento\u201d.<\/p>\n<p data-t=\"{&quot;n&quot;:&quot;blueLinks&quot;}\"><img decoding=\"async\" src=\"https:\/\/pbs.twimg.com\/media\/F5Xs9XwaEAAShC9?format=jpg&amp;name=medium\" alt=\"Today, Major League Baseball announced that Julio Ur\u00edas has been placed on administrative leave until further notice while an investigation is being conducted, per the sport's joint Domestic Violence, Sexual Assault and Child Abuse Policy with the Major League Baseball Players Association. \n\nThe Dodgers take all allegations of the kind in this case very seriously, and we do not condone or excuse any acts of domestic violence. We are fully cooperating with MLB's investigation and support MLB\u2019s and the Commissioner\u2019s enforcement of the policy. The Dodgers will have no further comment at this time. \" \/><\/p>\n<p data-t=\"{&quot;n&quot;:&quot;blueLinks&quot;}\">De igual manera, en ese momento la gerencia de los Dodgers retir\u00f3 la promoci\u00f3n del 21 de septiembre en la que\u00a0regalar\u00edan un juguete alusivo a Julio Ur\u00edas en su pasada participaci\u00f3n en el Cl\u00e1sico Mundial de Beisbol 2023.<\/p>\n<p data-t=\"{&quot;n&quot;:&quot;blueLinks&quot;}\">El martes 5 de septiembre de 2023, un portavoz del\u00a0Departamento del Sheriff de Los \u00c1ngeles\u00a0confirm\u00f3 los motivos del\u00a0arresto de Julio Ur\u00edas, quien en ese momento fue detenido por un \u00abdelito grave de lesiones corporales a su c\u00f3nyuge o concubina\u00bb.<\/p>\n<p data-t=\"{&quot;n&quot;:&quot;blueLinks&quot;}\">Como sucede con todos los casos de violencia dom\u00e9stica, la oficina del comisionado llev\u00f3 a cabo una investigaci\u00f3n paralela a la de las autoridades para que una vez que tuviera toda la informaci\u00f3n necesaria, anunciar cu\u00e1l ser\u00e1 el desenlace deportivo que tendr\u00e1\u00a0Julio Ur\u00edas, quien se estar\u00eda convirtiendo en el\u00a0<b>primer jugador reincidente en violar la Pol\u00edtica de Violencia Dom\u00e9stica de MLB<\/b>.<\/p>\n<p data-t=\"{&quot;n&quot;:&quot;blueLinks&quot;}\">?<\/p>\n","protected":false},"excerpt":{"rendered":"<p>Los \u00c1ngeles, California.- La oficina del comisionado de la Major League Baseball\u00a0(MLB) coloc\u00f3 el 6&#8230;<\/p>\n","protected":false},"author":1,"featured_media":2976309,"comment_status":"closed","ping_status":"closed","sticky":false,"template":"","format":"standard","meta":{"footnotes":""},"categories":[30,1151],"tags":[],"class_list":["post-2976308","post","type-post","status-publish","format-standard","has-post-thumbnail","hentry","category-beisbol","category-portada"],"_links":{"self":[{"href":"https:\/\/agpnoticias.com\/news\/index.php?rest_route=\/wp\/v2\/posts\/2976308","targetHints":{"allow":["GET"]}}],"collection":[{"href":"https:\/\/agpnoticias.com\/news\/index.php?rest_route=\/wp\/v2\/posts"}],"about":[{"href":"https:\/\/agpnoticias.com\/news\/index.php?rest_route=\/wp\/v2\/types\/post"}],"author":[{"embeddable":true,"href":"https:\/\/agpnoticias.com\/news\/index.php?rest_route=\/wp\/v2\/users\/1"}],"replies":[{"embeddable":true,"href":"https:\/\/agpnoticias.com\/news\/index.php?rest_route=%2Fwp%2Fv2%2Fcomments&post=2976308"}],"version-history":[{"count":1,"href":"https:\/\/agpnoticias.com\/news\/index.php?rest_route=\/wp\/v2\/posts\/2976308\/revisions"}],"predecessor-version":[{"id":2976310,"href":"https:\/\/agpnoticias.com\/news\/index.php?rest_route=\/wp\/v2\/posts\/2976308\/revisions\/2976310"}],"wp:featuredmedia":[{"embeddable":true,"href":"https:\/\/agpnoticias.com\/news\/index.php?rest_route=\/wp\/v2\/media\/2976309"}],"wp:attachment":[{"href":"https:\/\/agpnoticias.com\/news\/index.php?rest_route=%2Fwp%2Fv2%2Fmedia&parent=2976308"}],"wp:term":[{"taxonomy":"category","embeddable":true,"href":"https:\/\/agpnoticias.com\/news\/index.php?rest_route=%2Fwp%2Fv2%2Fcategories&post=2976308"},{"taxonomy":"post_tag","embeddable":true,"href":"https:\/\/agpnoticias.com\/news\/index.php?rest_route=%2Fwp%2Fv2%2Ftags&post=2976308"}],"curies":[{"name":"wp","href":"https:\/\/api.w.org\/{rel}","templated":true}]}}