{"id":2976767,"date":"2024-09-28T19:05:51","date_gmt":"2024-09-29T02:05:51","guid":{"rendered":"https:\/\/agpnoticias.com\/news\/?p=2976767"},"modified":"2024-09-28T19:05:53","modified_gmt":"2024-09-29T02:05:53","slug":"cerca-de-3-mil-participantes-en-la-edicion-45-del-paseo-ciclista-rosarito-ensenada","status":"publish","type":"post","link":"https:\/\/agpnoticias.com\/news\/?p=2976767","title":{"rendered":"Cerca de 3 mil participantes en la edici\u00f3n 45 del Paseo Ciclista Rosarito-Ensenada"},"content":{"rendered":"<p><span style=\"font-size: revert;\">Ensenada, Baja California.- Alrededor de 3 mil personas participaron en la edici\u00f3n n\u00famero 45 del tradicional Paseo Ciclista Rosarito-Ensenada, marcando el \u00faltimo evento organizado por la actual administraci\u00f3n.<\/span><\/p>\n<p><a href=\"https:\/\/agpnoticias.com\/news\/?attachment_id=2976787\" rel=\"attachment wp-att-2976787\"><img fetchpriority=\"high\" decoding=\"async\" class=\"aligncenter size-full wp-image-2976787\" src=\"https:\/\/agpnoticias.com\/news\/wp-content\/uploads\/2024\/09\/IMG_0476.jpeg\" alt=\"\" width=\"1200\" height=\"800\" srcset=\"https:\/\/agpnoticias.com\/news\/wp-content\/uploads\/2024\/09\/IMG_0476.jpeg 1200w, https:\/\/agpnoticias.com\/news\/wp-content\/uploads\/2024\/09\/IMG_0476-1024x683.jpeg 1024w\" sizes=\"(max-width: 1200px) 100vw, 1200px\" \/><\/a><\/p>\n<p><span style=\"font-size: revert;\"> Los ciclistas recorrieron 80 kil\u00f3metros, partiendo desde el Hotel Rosarito Beach y llegando al Centro Estatal de las Artes (CEARTE) en Ensenada, donde familiares y amigos ya los esperaban para recibirlos.<\/span><\/p>\n<p><a href=\"https:\/\/agpnoticias.com\/news\/?attachment_id=2976788\" rel=\"attachment wp-att-2976788\"><img decoding=\"async\" class=\"aligncenter size-full wp-image-2976788\" src=\"https:\/\/agpnoticias.com\/news\/wp-content\/uploads\/2024\/09\/IMG_0450.jpeg\" alt=\"\" width=\"1200\" height=\"800\" srcset=\"https:\/\/agpnoticias.com\/news\/wp-content\/uploads\/2024\/09\/IMG_0450.jpeg 1200w, https:\/\/agpnoticias.com\/news\/wp-content\/uploads\/2024\/09\/IMG_0450-1024x683.jpeg 1024w\" sizes=\"(max-width: 1200px) 100vw, 1200px\" \/><\/a><\/p>\n<p>El banderazo de salida fue encabezado por Guillermo Rodr\u00edguez Macouzet, fundador del evento, acompa\u00f1ado por Claudia Ley, directora de operaciones, y Alejandra Padilla, alcaldesa de Rosarito.<\/p>\n<p><a href=\"https:\/\/agpnoticias.com\/news\/?attachment_id=2976785\" rel=\"attachment wp-att-2976785\"><img decoding=\"async\" class=\"aligncenter size-full wp-image-2976785\" src=\"https:\/\/agpnoticias.com\/news\/wp-content\/uploads\/2024\/09\/IMG_0541.jpeg\" alt=\"\" width=\"1200\" height=\"800\" srcset=\"https:\/\/agpnoticias.com\/news\/wp-content\/uploads\/2024\/09\/IMG_0541.jpeg 1200w, https:\/\/agpnoticias.com\/news\/wp-content\/uploads\/2024\/09\/IMG_0541-1024x683.jpeg 1024w\" sizes=\"(max-width: 1200px) 100vw, 1200px\" \/><\/a><\/p>\n<p>En su discurso, Rodr\u00edguez Macouzet record\u00f3 los inicios del evento hace 45 a\u00f1os, cuando \u00e9l, junto a Dave Dickson y un grupo de doce amigos provenientes de California, decidieron emprender esta traves\u00eda en bicicleta entre Rosarito y Ensenada. Desde entonces, el paseo ha crecido exponencialmente, logrando en 1985 un r\u00e9cord hist\u00f3rico de 16 mil participantes.<\/p>\n<p><a href=\"https:\/\/agpnoticias.com\/news\/?attachment_id=2976789\" rel=\"attachment wp-att-2976789\"><img loading=\"lazy\" decoding=\"async\" class=\"aligncenter size-full wp-image-2976789\" src=\"https:\/\/agpnoticias.com\/news\/wp-content\/uploads\/2024\/09\/IMG_0595.jpeg\" alt=\"\" width=\"1200\" height=\"800\" srcset=\"https:\/\/agpnoticias.com\/news\/wp-content\/uploads\/2024\/09\/IMG_0595.jpeg 1200w, https:\/\/agpnoticias.com\/news\/wp-content\/uploads\/2024\/09\/IMG_0595-1024x683.jpeg 1024w\" sizes=\"(max-width: 1200px) 100vw, 1200px\" \/><\/a><\/p>\n<p>El tijuanense Manuel D\u00edaz fue el ganador de esta edici\u00f3n, logrando cruzar la meta en primer lugar. D\u00edaz comparti\u00f3 que esta fue la primera vez que gan\u00f3 el paseo y atribuy\u00f3 su victoria a una estrategia bien pensada durante todo el recorrido.<\/p>\n","protected":false},"excerpt":{"rendered":"<p>Ensenada, Baja California.- Alrededor de 3 mil personas participaron en la edici\u00f3n n\u00famero 45 del&#8230;<\/p>\n","protected":false},"author":1,"featured_media":2976786,"comment_status":"closed","ping_status":"closed","sticky":false,"template":"","format":"standard","meta":{"footnotes":""},"categories":[1,692,73,1151],"tags":[],"class_list":["post-2976767","post","type-post","status-publish","format-standard","has-post-thumbnail","hentry","category-uncategorized","category-ciclismo","category-deportebajacalifornia","category-portada"],"_links":{"self":[{"href":"https:\/\/agpnoticias.com\/news\/index.php?rest_route=\/wp\/v2\/posts\/2976767","targetHints":{"allow":["GET"]}}],"collection":[{"href":"https:\/\/agpnoticias.com\/news\/index.php?rest_route=\/wp\/v2\/posts"}],"about":[{"href":"https:\/\/agpnoticias.com\/news\/index.php?rest_route=\/wp\/v2\/types\/post"}],"author":[{"embeddable":true,"href":"https:\/\/agpnoticias.com\/news\/index.php?rest_route=\/wp\/v2\/users\/1"}],"replies":[{"embeddable":true,"href":"https:\/\/agpnoticias.com\/news\/index.php?rest_route=%2Fwp%2Fv2%2Fcomments&post=2976767"}],"version-history":[{"count":1,"href":"https:\/\/agpnoticias.com\/news\/index.php?rest_route=\/wp\/v2\/posts\/2976767\/revisions"}],"predecessor-version":[{"id":2976790,"href":"https:\/\/agpnoticias.com\/news\/index.php?rest_route=\/wp\/v2\/posts\/2976767\/revisions\/2976790"}],"wp:featuredmedia":[{"embeddable":true,"href":"https:\/\/agpnoticias.com\/news\/index.php?rest_route=\/wp\/v2\/media\/2976786"}],"wp:attachment":[{"href":"https:\/\/agpnoticias.com\/news\/index.php?rest_route=%2Fwp%2Fv2%2Fmedia&parent=2976767"}],"wp:term":[{"taxonomy":"category","embeddable":true,"href":"https:\/\/agpnoticias.com\/news\/index.php?rest_route=%2Fwp%2Fv2%2Fcategories&post=2976767"},{"taxonomy":"post_tag","embeddable":true,"href":"https:\/\/agpnoticias.com\/news\/index.php?rest_route=%2Fwp%2Fv2%2Ftags&post=2976767"}],"curies":[{"name":"wp","href":"https:\/\/api.w.org\/{rel}","templated":true}]}}