{"id":2976948,"date":"2024-10-02T12:16:25","date_gmt":"2024-10-02T19:16:25","guid":{"rendered":"https:\/\/agpnoticias.com\/news\/?p=2976948"},"modified":"2024-10-02T12:18:56","modified_gmt":"2024-10-02T19:18:56","slug":"2976948","status":"publish","type":"post","link":"https:\/\/agpnoticias.com\/news\/?p=2976948","title":{"rendered":"Claudia Sheinbaum lanza Olinia, el primer auto el\u00e9ctrico 100% mexicano que promete ser m\u00e1s barato"},"content":{"rendered":"<p data-t=\"{&quot;n&quot;:&quot;blueLinks&quot;}\">Ciudad de M\u00e9xico.- La presidenta de M\u00e9xico, <b>Claudia Sheinbaum Pardo<\/b>, anunci\u00f3 con entusiasmo el desarrollo de\u00a0<b>\u201cOlinia\u201d<\/b>, el primer veh\u00edculo 100% el\u00e9ctrico dise\u00f1ado y manufacturado por mexicanos. Este innovador auto\u00a0<b>utilizar\u00e1 litio extra\u00eddo de tierras nacionales<\/b>, marcando un hito en la industria automotriz del pa\u00eds y aline\u00e1ndose con los objetivos de sostenibilidad y modernidad.<\/p>\n<h2 class=\"article-sub-heading\">\u00bfQu\u00e9 es Olinia?<\/h2>\n<div class=\"article-list-slot\">\n<ul>\n<li data-t=\"{&quot;n&quot;:&quot;blueLinks&quot;}\"><b>Definici\u00f3n<\/b>: Olinia, que significa \u201cmoverse\u201d en n\u00e1huatl, ser\u00e1 un peque\u00f1o auto de acceso popular, totalmente el\u00e9ctrico.<\/li>\n<li data-t=\"{&quot;n&quot;:&quot;blueLinks&quot;}\"><b>Dise\u00f1o<\/b>: El veh\u00edculo ser\u00e1 dise\u00f1ado y ensamblado en M\u00e9xico por j\u00f3venes mexicanos y mexicanas.<\/li>\n<li class=\"continue-read-break\" data-t=\"{&quot;n&quot;:&quot;blueLinks&quot;}\"><b>Producci\u00f3n de Litio<\/b>: La iniciativa incluir\u00e1 la producci\u00f3n de litio con un desarrollo tecnol\u00f3gico propio, lo que fortalece la independencia energ\u00e9tica del Pa\u00eds.<\/li>\n<\/ul>\n<\/div>\n<h2 class=\"article-sub-heading\">Olinia competir\u00e1 en precios con Tesla y BYD<\/h2>\n<p data-t=\"{&quot;n&quot;:&quot;blueLinks&quot;}\">Con este ambicioso proyecto, Olinia busca competir con grandes compa\u00f1\u00edas como\u00a0<b>Tesla<\/b>\u00a0y\u00a0<b>BYD<\/b>, integrando a M\u00e9xico en la cadena global de la industria automotriz el\u00e9ctrica. Actualmente, el auto m\u00e1s asequible de Tesla tiene un precio de alrededor de\u00a0<b>881,900 pesos mexicanos<\/b>, mientras que BYD ofrece su modelo m\u00e1s econ\u00f3mico a aproximadamente\u00a0<b>778,800 pesos<\/b>.<\/p>\n<div class=\"article-image-slot image-slot-placeholder\" data-doc-id=\"cms\/api\/amp\/image\/BB1qQWxT\">\n<div class=\"article-image-slot\">\n<div class=\"article-image-container\" data-t=\"{&quot;n&quot;:&quot;OpenModal&quot;,&quot;t&quot;:13,&quot;b&quot;:8,&quot;c.i&quot;:&quot;AA1rBsio&quot;,&quot;c.l&quot;:false,&quot;c.t&quot;:13,&quot;c.v&quot;:&quot;news&quot;,&quot;c.c&quot;:&quot;others&quot;,&quot;c.b&quot;:&quot;EL IMPARCIAL&quot;,&quot;c.bi&quot;:&quot;AA1eZf82&quot;,&quot;c.hl&quot;:&quot;\u00bfAdi\u00f3s a Tesla? Claudia Sheinbaum lanza OLINIA, el primer auto el\u00e9ctrico 100% mexicano que promete ser m\u00e1s barato&quot;}\" data-test-id=\"BB1qQWxT\">\n<div><\/div>\n<p><button class=\"article-image-height-wrapper expandable article-image-height-wrapper-new\" data-customhandled=\"true\" data-t=\"{&quot;n&quot;:&quot;destination&quot;,&quot;b&quot;:1,&quot;c.i&quot;:&quot;AA1rBsio&quot;,&quot;c.l&quot;:false,&quot;c.t&quot;:13,&quot;c.v&quot;:&quot;news&quot;,&quot;c.c&quot;:&quot;others&quot;,&quot;c.b&quot;:&quot;EL IMPARCIAL&quot;,&quot;c.bi&quot;:&quot;AA1eZf82&quot;,&quot;c.hl&quot;:&quot;\u00bfAdi\u00f3s a Tesla? Claudia Sheinbaum lanza OLINIA, el primer auto el\u00e9ctrico 100% mexicano que promete ser m\u00e1s barato&quot;}\"><img decoding=\"async\" class=\"article-image article-image-ux-impr article-image-new expandable\" title=\"BYD ha superado a Tesla en ventas de veh\u00edculos el\u00e9ctricos, convirti\u00e9ndose en el l\u00edder mundial del sector. Foto: Reuters\" src=\"https:\/\/img-s-msn-com.akamaized.net\/tenant\/amp\/entityid\/BB1qQWxT.img?w=768&amp;h=575&amp;m=6\" alt=\"BYD ha superado a Tesla en ventas de veh\u00edculos el\u00e9ctricos, convirti\u00e9ndose en el l\u00edder mundial del sector. Foto: Reuters\" \/><\/button><\/p>\n<div class=\"image-caption-container image-caption-container-ux-impr articlewc-image-caption-container \"><\/div>\n<\/div>\n<\/div>\n<\/div>\n<h3 class=\"article-sub-heading\">Olinia: una opci\u00f3n m\u00e1s accesible<\/h3>\n<p data-t=\"{&quot;n&quot;:&quot;blueLinks&quot;}\">A diferencia de estos modelos,<b>\u00a0Olinia se presentar\u00e1 como una opci\u00f3n econ\u00f3mica<\/b>\u00a0en el mercado de\u00a0<b>veh\u00edculos el\u00e9ctricos<\/b>, que hist\u00f3ricamente ha estado dominado por precios elevados. La propuesta de Olinia es ofrecer un\u00a0<b>carro de f\u00e1cil accesibilidad<\/b>, con un costo significativamente menor, lo que permitir\u00e1 a m\u00e1s ciudadanos mexicanos acceder a la movilidad el\u00e9ctrica.<\/p>\n<div class=\"article-image-slot image-slot-placeholder\" data-doc-id=\"cms\/api\/amp\/image\/BB1pa1nX\">\n<div class=\"article-image-slot\">\n<div class=\"article-image-container\" data-t=\"{&quot;n&quot;:&quot;OpenModal&quot;,&quot;t&quot;:13,&quot;b&quot;:8,&quot;c.i&quot;:&quot;AA1rBsio&quot;,&quot;c.l&quot;:false,&quot;c.t&quot;:13,&quot;c.v&quot;:&quot;news&quot;,&quot;c.c&quot;:&quot;others&quot;,&quot;c.b&quot;:&quot;EL IMPARCIAL&quot;,&quot;c.bi&quot;:&quot;AA1eZf82&quot;,&quot;c.hl&quot;:&quot;\u00bfAdi\u00f3s a Tesla? Claudia Sheinbaum lanza OLINIA, el primer auto el\u00e9ctrico 100% mexicano que promete ser m\u00e1s barato&quot;}\" data-test-id=\"BB1pa1nX\">\n<div><\/div>\n<p><button class=\"article-image-height-wrapper expandable article-image-height-wrapper-new\" data-customhandled=\"true\" data-t=\"{&quot;n&quot;:&quot;destination&quot;,&quot;b&quot;:1,&quot;c.i&quot;:&quot;AA1rBsio&quot;,&quot;c.l&quot;:false,&quot;c.t&quot;:13,&quot;c.v&quot;:&quot;news&quot;,&quot;c.c&quot;:&quot;others&quot;,&quot;c.b&quot;:&quot;EL IMPARCIAL&quot;,&quot;c.bi&quot;:&quot;AA1eZf82&quot;,&quot;c.hl&quot;:&quot;\u00bfAdi\u00f3s a Tesla? Claudia Sheinbaum lanza OLINIA, el primer auto el\u00e9ctrico 100% mexicano que promete ser m\u00e1s barato&quot;}\"><img decoding=\"async\" class=\"article-image article-image-ux-impr article-image-new expandable\" title=\"INAI insta a CFE divulgar centros de carga para autos el\u00e9ctricos \/ Foto: Especial\" src=\"https:\/\/img-s-msn-com.akamaized.net\/tenant\/amp\/entityid\/BB1pa1nX.img?w=768&amp;h=432&amp;m=6\" alt=\"INAI insta a CFE divulgar centros de carga para autos el\u00e9ctricos \/ Foto: Especial\" \/><\/button><\/p>\n<div class=\"image-caption-container image-caption-container-ux-impr articlewc-image-caption-container \"><\/div>\n<\/div>\n<\/div>\n<\/div>\n<p data-t=\"{&quot;n&quot;:&quot;blueLinks&quot;}\">Esta estrategia de precios no solo busca atraer a los consumidores preocupados por el medio ambiente, sino tambi\u00e9n a aquellos que necesitan una soluci\u00f3n de transporte asequible y pr\u00e1ctica.<\/p>\n<h2 class=\"article-sub-heading\">Un impulso hacia la modernidad<\/h2>\n<p data-t=\"{&quot;n&quot;:&quot;blueLinks&quot;}\"><b>Claudia Sheinbaum<\/b>\u00a0present\u00f3 este proyecto como parte de su programa de\u00a0<b>Desarrollo Tecnol\u00f3gico para la Innovaci\u00f3n<\/b>, que tiene como objetivo posicionar a M\u00e9xico como un l\u00edder en tecnolog\u00eda y sostenibilidad. Adem\u00e1s de Olinia, se contempla la manufactura de semiconductores y drones utilizando componentes nacionales.<\/p>\n<h3 class=\"article-sub-heading\">Otros compromisos del gobierno:<\/h3>\n<ol>\n<li data-t=\"{&quot;n&quot;:&quot;blueLinks&quot;}\"><b>Producci\u00f3n de semiconductores<\/b>: M\u00e9xico se integrar\u00e1 a la cadena de producci\u00f3n de semiconductores, asegurando que estas tecnolog\u00edas se desarrollen dentro del pa\u00eds.<\/li>\n<li data-t=\"{&quot;n&quot;:&quot;blueLinks&quot;}\"><b>F\u00e1brica de software p\u00fablico<\/b>: Se propone crear una f\u00e1brica de software p\u00fablico que impulse soluciones tecnol\u00f3gicas nacionales.<\/li>\n<li data-t=\"{&quot;n&quot;:&quot;blueLinks&quot;}\"><b>Centro de ciberseguridad<\/b>: Se establecer\u00e1 un centro enfocado en la ciberseguridad e inteligencia artificial para proteger la infraestructura tecnol\u00f3gica del pa\u00eds.<\/li>\n<\/ol>\n<h2 class=\"article-sub-heading\">Contexto de la industria automotriz en M\u00e9xico<\/h2>\n<p data-t=\"{&quot;n&quot;:&quot;blueLinks&quot;}\"><b>M\u00e9xico\u00a0<\/b>es actualmente el\u00a0<b>s\u00e9ptimo productor de veh\u00edculos a combusti\u00f3n a nivel mundial<\/b>. En los \u00faltimos a\u00f1os, ha experimentado un crecimiento significativo en el ensamble de veh\u00edculos el\u00e9ctricos e h\u00edbridos de marcas estadounidenses y japonesas. Sin embargo, hasta ahora carec\u00eda de un modelo de fabricaci\u00f3n propio, lo que limita su competitividad en el mercado global.<\/p>\n<div class=\"article-image-slot image-slot-placeholder\" data-doc-id=\"cms\/api\/amp\/image\/AA1rBj3s\">\n<div class=\"article-image-slot\">\n<div class=\"article-image-container\" data-t=\"{&quot;n&quot;:&quot;OpenModal&quot;,&quot;t&quot;:13,&quot;b&quot;:8,&quot;c.i&quot;:&quot;AA1rBsio&quot;,&quot;c.l&quot;:false,&quot;c.t&quot;:13,&quot;c.v&quot;:&quot;news&quot;,&quot;c.c&quot;:&quot;others&quot;,&quot;c.b&quot;:&quot;EL IMPARCIAL&quot;,&quot;c.bi&quot;:&quot;AA1eZf82&quot;,&quot;c.hl&quot;:&quot;\u00bfAdi\u00f3s a Tesla? Claudia Sheinbaum lanza OLINIA, el primer auto el\u00e9ctrico 100% mexicano que promete ser m\u00e1s barato&quot;}\" data-test-id=\"AA1rBj3s\">\n<div><\/div>\n<p><button class=\"article-image-height-wrapper expandable article-image-height-wrapper-new\" data-customhandled=\"true\" data-t=\"{&quot;n&quot;:&quot;destination&quot;,&quot;b&quot;:1,&quot;c.i&quot;:&quot;AA1rBsio&quot;,&quot;c.l&quot;:false,&quot;c.t&quot;:13,&quot;c.v&quot;:&quot;news&quot;,&quot;c.c&quot;:&quot;others&quot;,&quot;c.b&quot;:&quot;EL IMPARCIAL&quot;,&quot;c.bi&quot;:&quot;AA1eZf82&quot;,&quot;c.hl&quot;:&quot;\u00bfAdi\u00f3s a Tesla? Claudia Sheinbaum lanza OLINIA, el primer auto el\u00e9ctrico 100% mexicano que promete ser m\u00e1s barato&quot;}\"><img decoding=\"async\" class=\"article-image article-image-ux-impr article-image-new expandable\" title=\"Fotograf\u00eda ilustrativa de archivo. | Cr\u00e9dito: NOTIMEX\/FOTO\/ESPECIAL\/COR\/EBF\/\" src=\"https:\/\/img-s-msn-com.akamaized.net\/tenant\/amp\/entityid\/AA1rBj3s.img?w=768&amp;h=509&amp;m=6\" alt=\"Fotograf\u00eda ilustrativa de archivo. | Cr\u00e9dito: NOTIMEX\/FOTO\/ESPECIAL\/COR\/EBF\/\" \/><\/button><\/p>\n<div class=\"image-caption-container image-caption-container-ux-impr articlewc-image-caption-container \"><span class=\"image-caption\">Fotograf\u00eda ilustrativa de archivo. | Cr\u00e9dito: NOTIMEX\/FOTO\/ESPECIAL\/COR\/EBF\/<\/span><\/div>\n<\/div>\n<\/div>\n<\/div>\n<h3 class=\"article-sub-heading\">Olinia: un auto para todos<\/h3>\n<p data-t=\"{&quot;n&quot;:&quot;blueLinks&quot;}\">El compromiso de Sheinbaum es<b>\u00a0crear un autom\u00f3vil de origen nacional que responda a las exigencias internacionales en materia medioambiental<\/b>. Olinia representa no solo un avance en la producci\u00f3n automotriz, sino tambi\u00e9n una apuesta por el desarrollo sostenible y la innovaci\u00f3n tecnol\u00f3gica en el Pa\u00eds.<\/p>\n<div class=\"intra-article-module\" data-t=\"{&quot;n&quot;:&quot;intraArticle&quot;,&quot;t&quot;:13}\">\n<div class=\"articlePageIntraArticleFullWidth ad-slot-placeholder left-image-intra-ad\" data-ad-index=\"2\">\n<div class=\"intra-article-ad-full left-image-intra-ad\">\n<div class=\"left-image-intra-ad\"><\/div>\n<\/div>\n<\/div>\n<\/div>\n<h2 class=\"article-sub-heading\">Sheinbaum reafirma su compromiso con M\u00e9xico<\/h2>\n<p data-t=\"{&quot;n&quot;:&quot;blueLinks&quot;}\">Durante su discurso en el Z\u00f3calo de la Ciudad de M\u00e9xico, Claudia Sheinbaum reafirm\u00f3 su compromiso de convertir a M\u00e9xico en una<b>\u00a0potencia cient\u00edfica y de innovaci\u00f3n<\/b>.\u00a0<b>\u201cApoyaremos las ciencias b\u00e1sicas, naturales y las humanidades\u201d<\/b>, se\u00f1al\u00f3, destacando la importancia de empoderar a los j\u00f3venes profesionistas mexicanos y mexicanas en el desarrollo de soluciones tecnol\u00f3gicas.<\/p>\n<div class=\"article-image-slot image-slot-placeholder\" data-doc-id=\"cms\/api\/amp\/image\/AA1ryZUm\">\n<div class=\"article-image-slot\">\n<div class=\"article-image-container\" data-t=\"{&quot;n&quot;:&quot;OpenModal&quot;,&quot;t&quot;:13,&quot;b&quot;:8,&quot;c.i&quot;:&quot;AA1rBsio&quot;,&quot;c.l&quot;:false,&quot;c.t&quot;:13,&quot;c.v&quot;:&quot;news&quot;,&quot;c.c&quot;:&quot;others&quot;,&quot;c.b&quot;:&quot;EL IMPARCIAL&quot;,&quot;c.bi&quot;:&quot;AA1eZf82&quot;,&quot;c.hl&quot;:&quot;\u00bfAdi\u00f3s a Tesla? Claudia Sheinbaum lanza OLINIA, el primer auto el\u00e9ctrico 100% mexicano que promete ser m\u00e1s barato&quot;}\" data-test-id=\"AA1ryZUm\">\n<div><\/div>\n<p><button class=\"article-image-height-wrapper expandable article-image-height-wrapper-new\" data-customhandled=\"true\" data-t=\"{&quot;n&quot;:&quot;destination&quot;,&quot;b&quot;:1,&quot;c.i&quot;:&quot;AA1rBsio&quot;,&quot;c.l&quot;:false,&quot;c.t&quot;:13,&quot;c.v&quot;:&quot;news&quot;,&quot;c.c&quot;:&quot;others&quot;,&quot;c.b&quot;:&quot;EL IMPARCIAL&quot;,&quot;c.bi&quot;:&quot;AA1eZf82&quot;,&quot;c.hl&quot;:&quot;\u00bfAdi\u00f3s a Tesla? Claudia Sheinbaum lanza OLINIA, el primer auto el\u00e9ctrico 100% mexicano que promete ser m\u00e1s barato&quot;}\"><img decoding=\"async\" class=\"article-image article-image-ux-impr article-image-new expandable\" title=\"Claudia Sheinbaum declara el inicio del &quot;segundo piso&quot; de la 4T, prometiendo seguir con los principios de L\u00f3pez Obrador. FOTO: Especial\" src=\"https:\/\/img-s-msn-com.akamaized.net\/tenant\/amp\/entityid\/AA1ryZUm.img?w=768&amp;h=432&amp;m=6&amp;x=756&amp;y=290&amp;s=182&amp;d=182\" alt=\"Claudia Sheinbaum declara el inicio del &quot;segundo piso&quot; de la 4T, prometiendo seguir con los principios de L\u00f3pez Obrador. FOTO: Especial\" \/><\/button><\/p>\n<div class=\"image-caption-container image-caption-container-ux-impr articlewc-image-caption-container \"><\/div>\n<\/div>\n<\/div>\n<\/div>\n<p data-t=\"{&quot;n&quot;:&quot;blueLinks&quot;}\">Esta iniciativa no solo tiene el potencial de transformar la industria automotriz en M\u00e9xico, sino que tambi\u00e9n podr\u00eda establecer un nuevo est\u00e1ndar en la producci\u00f3n de veh\u00edculos el\u00e9ctricos en el continente. Con Olinia, M\u00e9xico da un paso firme hacia la modernidad y la sostenibilidad.<\/p>\n","protected":false},"excerpt":{"rendered":"<p>Ciudad de M\u00e9xico.- La presidenta de M\u00e9xico, Claudia Sheinbaum Pardo, anunci\u00f3 con entusiasmo el desarrollo&#8230;<\/p>\n","protected":false},"author":1,"featured_media":2976949,"comment_status":"closed","ping_status":"closed","sticky":false,"template":"","format":"standard","meta":{"footnotes":""},"categories":[1,1152],"tags":[],"class_list":["post-2976948","post","type-post","status-publish","format-standard","has-post-thumbnail","hentry","category-uncategorized","category-editor-seleccion"],"_links":{"self":[{"href":"https:\/\/agpnoticias.com\/news\/index.php?rest_route=\/wp\/v2\/posts\/2976948","targetHints":{"allow":["GET"]}}],"collection":[{"href":"https:\/\/agpnoticias.com\/news\/index.php?rest_route=\/wp\/v2\/posts"}],"about":[{"href":"https:\/\/agpnoticias.com\/news\/index.php?rest_route=\/wp\/v2\/types\/post"}],"author":[{"embeddable":true,"href":"https:\/\/agpnoticias.com\/news\/index.php?rest_route=\/wp\/v2\/users\/1"}],"replies":[{"embeddable":true,"href":"https:\/\/agpnoticias.com\/news\/index.php?rest_route=%2Fwp%2Fv2%2Fcomments&post=2976948"}],"version-history":[{"count":3,"href":"https:\/\/agpnoticias.com\/news\/index.php?rest_route=\/wp\/v2\/posts\/2976948\/revisions"}],"predecessor-version":[{"id":2976953,"href":"https:\/\/agpnoticias.com\/news\/index.php?rest_route=\/wp\/v2\/posts\/2976948\/revisions\/2976953"}],"wp:featuredmedia":[{"embeddable":true,"href":"https:\/\/agpnoticias.com\/news\/index.php?rest_route=\/wp\/v2\/media\/2976949"}],"wp:attachment":[{"href":"https:\/\/agpnoticias.com\/news\/index.php?rest_route=%2Fwp%2Fv2%2Fmedia&parent=2976948"}],"wp:term":[{"taxonomy":"category","embeddable":true,"href":"https:\/\/agpnoticias.com\/news\/index.php?rest_route=%2Fwp%2Fv2%2Fcategories&post=2976948"},{"taxonomy":"post_tag","embeddable":true,"href":"https:\/\/agpnoticias.com\/news\/index.php?rest_route=%2Fwp%2Fv2%2Ftags&post=2976948"}],"curies":[{"name":"wp","href":"https:\/\/api.w.org\/{rel}","templated":true}]}}