{"id":2977210,"date":"2024-10-09T08:15:04","date_gmt":"2024-10-09T15:15:04","guid":{"rendered":"https:\/\/agpnoticias.com\/news\/?p=2977210"},"modified":"2024-10-09T08:15:07","modified_gmt":"2024-10-09T15:15:07","slug":"vinculan-a-proceso-a-hombre-por-robo-con-violencia-en-ensenada","status":"publish","type":"post","link":"https:\/\/agpnoticias.com\/news\/?p=2977210","title":{"rendered":"Vinculan a proceso a hombre por robo con violencia en Ensenada"},"content":{"rendered":"\n<p>Ensenada, Baja California.- La Fiscal\u00eda Regional de Ensenada vincul\u00f3 a proceso a Ra\u00fal Cuauht\u00e9moc \u201cN\u201d, de 30 a\u00f1os, por su presunta participaci\u00f3n en un robo con violencia contra un transe\u00fante.<\/p>\n\n\n\n<p>El hecho ocurri\u00f3 el 22 de agosto de 2024, entre la 1:00 y 1:30 horas, en la colonia 89, en la intersecci\u00f3n de las calles Punta China y Cabo San Lucas. La v\u00edctima fue amenazada con una pistola y despojada de su cartera y tel\u00e9fono celular.<\/p>\n\n\n\n<p>Tras la investigaci\u00f3n, la Fiscal\u00eda obtuvo la orden de aprehensi\u00f3n, cumplida en reclusi\u00f3n, ya que el imputado enfrenta otros procesos. Se le dict\u00f3 prisi\u00f3n preventiva como medida cautelar.<\/p>\n","protected":false},"excerpt":{"rendered":"<p>Ensenada, Baja California.- La Fiscal\u00eda Regional de Ensenada vincul\u00f3 a proceso a Ra\u00fal Cuauht\u00e9moc \u201cN\u201d,&#8230;<\/p>\n","protected":false},"author":1,"featured_media":2977211,"comment_status":"closed","ping_status":"closed","sticky":false,"template":"","format":"standard","meta":{"footnotes":""},"categories":[1],"tags":[],"class_list":["post-2977210","post","type-post","status-publish","format-standard","has-post-thumbnail","hentry","category-uncategorized"],"_links":{"self":[{"href":"https:\/\/agpnoticias.com\/news\/index.php?rest_route=\/wp\/v2\/posts\/2977210","targetHints":{"allow":["GET"]}}],"collection":[{"href":"https:\/\/agpnoticias.com\/news\/index.php?rest_route=\/wp\/v2\/posts"}],"about":[{"href":"https:\/\/agpnoticias.com\/news\/index.php?rest_route=\/wp\/v2\/types\/post"}],"author":[{"embeddable":true,"href":"https:\/\/agpnoticias.com\/news\/index.php?rest_route=\/wp\/v2\/users\/1"}],"replies":[{"embeddable":true,"href":"https:\/\/agpnoticias.com\/news\/index.php?rest_route=%2Fwp%2Fv2%2Fcomments&post=2977210"}],"version-history":[{"count":1,"href":"https:\/\/agpnoticias.com\/news\/index.php?rest_route=\/wp\/v2\/posts\/2977210\/revisions"}],"predecessor-version":[{"id":2977212,"href":"https:\/\/agpnoticias.com\/news\/index.php?rest_route=\/wp\/v2\/posts\/2977210\/revisions\/2977212"}],"wp:featuredmedia":[{"embeddable":true,"href":"https:\/\/agpnoticias.com\/news\/index.php?rest_route=\/wp\/v2\/media\/2977211"}],"wp:attachment":[{"href":"https:\/\/agpnoticias.com\/news\/index.php?rest_route=%2Fwp%2Fv2%2Fmedia&parent=2977210"}],"wp:term":[{"taxonomy":"category","embeddable":true,"href":"https:\/\/agpnoticias.com\/news\/index.php?rest_route=%2Fwp%2Fv2%2Fcategories&post=2977210"},{"taxonomy":"post_tag","embeddable":true,"href":"https:\/\/agpnoticias.com\/news\/index.php?rest_route=%2Fwp%2Fv2%2Ftags&post=2977210"}],"curies":[{"name":"wp","href":"https:\/\/api.w.org\/{rel}","templated":true}]}}