{"id":2977213,"date":"2024-10-09T08:29:19","date_gmt":"2024-10-09T15:29:19","guid":{"rendered":"https:\/\/agpnoticias.com\/news\/?p=2977213"},"modified":"2024-10-09T08:30:12","modified_gmt":"2024-10-09T15:30:12","slug":"cuando-y-donde-sera-el-carnaval-de-ensenada-2024","status":"publish","type":"post","link":"https:\/\/agpnoticias.com\/news\/?p=2977213","title":{"rendered":"\u00bfCuando y donde ser\u00e1 el Carnaval de Ensenada 2025?"},"content":{"rendered":"<p><span style=\"font-size: revert;\">Ensenada, Baja California.- \u00a0La alcaldesa de Ensenada, Claudia Agat\u00f3n Mu\u00f1iz, anunci\u00f3 que el Carnaval de Ensenada 2025 se celebrar\u00e1 del 27 de febrero al 4 de marzo. La festividad se llevar\u00e1 a cabo en Playa Hermosa, mientras que el desfile de carros aleg\u00f3ricos y comparsas est\u00e1 previsto para la zona centro de la ciudad.<\/span><\/p>\n<p>Para garantizar un evento de calidad que atraiga tanto a residentes como a turistas, la presidenta municipal design\u00f3 a Isaac Pillado Aguilar como el nuevo Coordinador del Comit\u00e9 del Carnaval.<\/p>\n<p>Agat\u00f3n destac\u00f3 que Pillado Aguilar tendr\u00e1 la responsabilidad de ofrecer una celebraci\u00f3n variada y atractiva, con el objetivo de posicionar el carnaval como uno de los principales eventos del a\u00f1o.<\/p>\n<p>La alcaldesa tambi\u00e9n inform\u00f3 que el 15 de octubre se reunir\u00e1 con los dise\u00f1adores de los carros aleg\u00f3ricos para avanzar en la planificaci\u00f3n del desfile.<\/p>\n","protected":false},"excerpt":{"rendered":"<p>Ensenada, Baja California.- \u00a0La alcaldesa de Ensenada, Claudia Agat\u00f3n Mu\u00f1iz, anunci\u00f3 que el Carnaval de&#8230;<\/p>\n","protected":false},"author":1,"featured_media":2931672,"comment_status":"closed","ping_status":"closed","sticky":false,"template":"","format":"standard","meta":{"footnotes":""},"categories":[1],"tags":[],"class_list":["post-2977213","post","type-post","status-publish","format-standard","has-post-thumbnail","hentry","category-uncategorized"],"_links":{"self":[{"href":"https:\/\/agpnoticias.com\/news\/index.php?rest_route=\/wp\/v2\/posts\/2977213","targetHints":{"allow":["GET"]}}],"collection":[{"href":"https:\/\/agpnoticias.com\/news\/index.php?rest_route=\/wp\/v2\/posts"}],"about":[{"href":"https:\/\/agpnoticias.com\/news\/index.php?rest_route=\/wp\/v2\/types\/post"}],"author":[{"embeddable":true,"href":"https:\/\/agpnoticias.com\/news\/index.php?rest_route=\/wp\/v2\/users\/1"}],"replies":[{"embeddable":true,"href":"https:\/\/agpnoticias.com\/news\/index.php?rest_route=%2Fwp%2Fv2%2Fcomments&post=2977213"}],"version-history":[{"count":2,"href":"https:\/\/agpnoticias.com\/news\/index.php?rest_route=\/wp\/v2\/posts\/2977213\/revisions"}],"predecessor-version":[{"id":2977215,"href":"https:\/\/agpnoticias.com\/news\/index.php?rest_route=\/wp\/v2\/posts\/2977213\/revisions\/2977215"}],"wp:featuredmedia":[{"embeddable":true,"href":"https:\/\/agpnoticias.com\/news\/index.php?rest_route=\/wp\/v2\/media\/2931672"}],"wp:attachment":[{"href":"https:\/\/agpnoticias.com\/news\/index.php?rest_route=%2Fwp%2Fv2%2Fmedia&parent=2977213"}],"wp:term":[{"taxonomy":"category","embeddable":true,"href":"https:\/\/agpnoticias.com\/news\/index.php?rest_route=%2Fwp%2Fv2%2Fcategories&post=2977213"},{"taxonomy":"post_tag","embeddable":true,"href":"https:\/\/agpnoticias.com\/news\/index.php?rest_route=%2Fwp%2Fv2%2Ftags&post=2977213"}],"curies":[{"name":"wp","href":"https:\/\/api.w.org\/{rel}","templated":true}]}}