{"id":2977438,"date":"2024-10-14T20:32:38","date_gmt":"2024-10-15T03:32:38","guid":{"rendered":"https:\/\/agpnoticias.com\/news\/?p=2977438"},"modified":"2024-10-14T20:32:40","modified_gmt":"2024-10-15T03:32:40","slug":"victorias-de-francia-alemania-italia-y-hungria-en-la-liga-de-naciones","status":"publish","type":"post","link":"https:\/\/agpnoticias.com\/news\/?p=2977438","title":{"rendered":"Victorias de Francia, Alemania, Italia y Hungr\u00eda en la Liga de Naciones"},"content":{"rendered":"\n<p>Par\u00eds, Francia.- Francia y Alemania tuvieron que agradecer a sus delanteros suplentes las victorias sobre sus feroces rivales en la Liga de Naciones el lunes.<\/p>\n\n\n\n<p>Con Kylian Mbapp\u00e9 nuevamente ausente, Randal Kolo Muani comenz\u00f3 en ataque para Francia y anot\u00f3 en cada tiempo en una victoria por 2-1 como visitante ante su vecina B\u00e9lgica.<\/p>\n\n\n\n<p>Los belgas deben estar hartos de ver a Kolo Muani, que tambi\u00e9n marc\u00f3 en la victoria por 2-0 en el partido de ida en Lyon el mes pasado. Tambi\u00e9n fue el disparo del delantero del Paris Saint-Germain el que se desvi\u00f3 hacia la red cuando Francia venci\u00f3 a B\u00e9lgica por 1-0 en los octavos de final de la Eurocopa durante el verano.<\/p>\n\n\n\n<figure class=\"wp-block-gallery has-nested-images columns-default is-cropped wp-block-gallery-1 is-layout-flex wp-block-gallery-is-layout-flex\">\n<figure class=\"wp-block-image size-large\"><img fetchpriority=\"high\" decoding=\"async\" width=\"599\" height=\"399\" data-id=\"2977444\" src=\"https:\/\/agpnoticias.com\/news\/wp-content\/uploads\/2024\/10\/Itaia.jpeg\" alt=\"\" class=\"wp-image-2977444\"\/><\/figure>\n\n\n\n<figure class=\"wp-block-image size-large\"><img decoding=\"async\" width=\"810\" height=\"810\" data-id=\"2977441\" src=\"https:\/\/agpnoticias.com\/news\/wp-content\/uploads\/2024\/10\/Alemania-810x810.webp\" alt=\"\" class=\"wp-image-2977441\" srcset=\"https:\/\/agpnoticias.com\/news\/wp-content\/uploads\/2024\/10\/Alemania-810x810.webp 810w, https:\/\/agpnoticias.com\/news\/wp-content\/uploads\/2024\/10\/Alemania-400x400.webp 400w, https:\/\/agpnoticias.com\/news\/wp-content\/uploads\/2024\/10\/Alemania-300x300.webp 300w\" sizes=\"(max-width: 810px) 100vw, 810px\" \/><\/figure>\n\n\n\n<figure class=\"wp-block-image size-large\"><img decoding=\"async\" width=\"599\" height=\"400\" data-id=\"2977443\" src=\"https:\/\/agpnoticias.com\/news\/wp-content\/uploads\/2024\/10\/Hungria.jpeg\" alt=\"\" class=\"wp-image-2977443\"\/><\/figure>\n<\/figure>\n\n\n\n<p>En su debut con Alemania, el gol de Jamie Leweling en el segundo minuto fue anulado tras la revisi\u00f3n del videoarbitraje, pero tuvo m\u00e1s suerte con un potente disparo en el 64 para sellar un triunfo por 1-0 sobre Holanda en M\u00fanich.<\/p>\n\n\n\n<p>Leweling, delantero del Stuttgart, fue uno de los cuatro jugadores que debutaron como titulares con la selecci\u00f3n alemana en una noche en la que los aficionados rindieron homenaje a cuatro jugadores \u2014Toni Kroos, Manuel Neuer, Thomas M\u00fcller e Ilkay G\u00fcndogan\u2014 que recientemente se retiraron de la selecci\u00f3n nacional. Neuer, M\u00fcller y G\u00fcndogan estuvieron en el Allianz Arena para recibir la ovaci\u00f3n de los aficionados alemanes.<\/p>\n\n\n\n<p>Tambi\u00e9n hubo victorias para Italia, que venci\u00f3 a Israel por 4-1, y Hungr\u00eda, que venci\u00f3 2-0 a Bosnia, en la Liga A de primera divisi\u00f3n.<\/p>\n\n\n\n<p>A falta de dos partidos de la fase de grupos en noviembre, Francia, Italia y Alemania est\u00e1n a punto de conseguir un puesto entre los dos primeros y un lugar en los cuartos de final.<\/p>\n\n\n\n<p><em>Informaci\u00f3n: AP.<\/em><\/p>\n","protected":false},"excerpt":{"rendered":"<p>Par\u00eds, Francia.- Francia y Alemania tuvieron que agradecer a sus delanteros suplentes las victorias sobre&#8230;<\/p>\n","protected":false},"author":1,"featured_media":2977442,"comment_status":"closed","ping_status":"closed","sticky":false,"template":"","format":"standard","meta":{"footnotes":""},"categories":[32,1144,1151],"tags":[907],"class_list":["post-2977438","post","type-post","status-publish","format-standard","has-post-thumbnail","hentry","category-soccer","category-futbol-internacional","category-portada","tag-tendencia"],"_links":{"self":[{"href":"https:\/\/agpnoticias.com\/news\/index.php?rest_route=\/wp\/v2\/posts\/2977438","targetHints":{"allow":["GET"]}}],"collection":[{"href":"https:\/\/agpnoticias.com\/news\/index.php?rest_route=\/wp\/v2\/posts"}],"about":[{"href":"https:\/\/agpnoticias.com\/news\/index.php?rest_route=\/wp\/v2\/types\/post"}],"author":[{"embeddable":true,"href":"https:\/\/agpnoticias.com\/news\/index.php?rest_route=\/wp\/v2\/users\/1"}],"replies":[{"embeddable":true,"href":"https:\/\/agpnoticias.com\/news\/index.php?rest_route=%2Fwp%2Fv2%2Fcomments&post=2977438"}],"version-history":[{"count":1,"href":"https:\/\/agpnoticias.com\/news\/index.php?rest_route=\/wp\/v2\/posts\/2977438\/revisions"}],"predecessor-version":[{"id":2977445,"href":"https:\/\/agpnoticias.com\/news\/index.php?rest_route=\/wp\/v2\/posts\/2977438\/revisions\/2977445"}],"wp:featuredmedia":[{"embeddable":true,"href":"https:\/\/agpnoticias.com\/news\/index.php?rest_route=\/wp\/v2\/media\/2977442"}],"wp:attachment":[{"href":"https:\/\/agpnoticias.com\/news\/index.php?rest_route=%2Fwp%2Fv2%2Fmedia&parent=2977438"}],"wp:term":[{"taxonomy":"category","embeddable":true,"href":"https:\/\/agpnoticias.com\/news\/index.php?rest_route=%2Fwp%2Fv2%2Fcategories&post=2977438"},{"taxonomy":"post_tag","embeddable":true,"href":"https:\/\/agpnoticias.com\/news\/index.php?rest_route=%2Fwp%2Fv2%2Ftags&post=2977438"}],"curies":[{"name":"wp","href":"https:\/\/api.w.org\/{rel}","templated":true}]}}