{"id":2977458,"date":"2024-10-15T12:31:47","date_gmt":"2024-10-15T19:31:47","guid":{"rendered":"https:\/\/agpnoticias.com\/news\/?p=2977458"},"modified":"2024-10-15T12:31:49","modified_gmt":"2024-10-15T19:31:49","slug":"tuchel-cerca-de-ser-entrenador-de-la-seleccion-de-inglaterra","status":"publish","type":"post","link":"https:\/\/agpnoticias.com\/news\/?p=2977458","title":{"rendered":"Tuchel cerca de ser entrenador de la selecci\u00f3n de Inglaterra"},"content":{"rendered":"\n<p><\/p>\n\n\n\n<p>Londres, Inglaterra.- Se espera que Thomas Tuchel sea el pr\u00f3ximo entrenador de Inglaterra luego de informes generalizados en los medios ingleses de que el alem\u00e1n estaba listo para ser confirmado como el sucesor de Gareth Southgate.<\/p>\n\n\n\n<p>El entrenador ganador de la Liga de Campeones ha estado sin trabajo desde que dej\u00f3 el Bayern M\u00fanich al final de la temporada pasada.<\/p>\n\n\n\n<p>La BBC y otros medios de comunicaci\u00f3n brit\u00e1nicos informaron el martes que hab\u00eda aceptado asumir el cargo de entrenador de Inglaterra y convertirse en su tercer entrenador no ingl\u00e9s, despu\u00e9s de Sven-Goran Eriksson y Fabio Capello.<\/p>\n\n\n\n<p>La Asociaci\u00f3n Inglesa de F\u00fatbol a\u00fan no ha hecho ning\u00fan anuncio.<\/p>\n\n\n\n<p>\u201cHasta que no se anuncie, obviamente no puedo hacer comentarios, pero tenemos que esperar y ver\u201d, dijo a Sky Sports el capit\u00e1n de Inglaterra, Harry Kane, que trabaj\u00f3 con Tuchel en el Bayern. \u201cObviamente, conozco bien a Thomas del a\u00f1o pasado. Es un entrenador fant\u00e1stico, una persona fant\u00e1stica, as\u00ed que estoy seguro de que los chicos de la FA se pondr\u00e1n en contacto conmigo cuando sepan m\u00e1s sobre el asunto\u201d.<\/p>\n\n\n\n<p>Tuchel es bien conocido por los fan\u00e1ticos ingleses despu\u00e9s de llevar al Chelsea al t\u00edtulo de la Liga de Campeones en 2021.<\/p>\n\n\n\n<p>Southgate renunci\u00f3 como seleccionador de Inglaterra tras perder la final de la Eurocopa de este verano. Llev\u00f3 al pa\u00eds a dos finales consecutivas de la Eurocopa, as\u00ed como a las semifinales de la Copa del Mundo en 2018.<\/p>\n\n\n\n<p><em>Informaci\u00f3n: AP.<\/em><\/p>\n","protected":false},"excerpt":{"rendered":"<p>Londres, Inglaterra.- Se espera que Thomas Tuchel sea el pr\u00f3ximo entrenador de Inglaterra luego de&#8230;<\/p>\n","protected":false},"author":1,"featured_media":2977460,"comment_status":"closed","ping_status":"closed","sticky":false,"template":"","format":"standard","meta":{"footnotes":""},"categories":[32,1144,1151],"tags":[907],"class_list":["post-2977458","post","type-post","status-publish","format-standard","has-post-thumbnail","hentry","category-soccer","category-futbol-internacional","category-portada","tag-tendencia"],"_links":{"self":[{"href":"https:\/\/agpnoticias.com\/news\/index.php?rest_route=\/wp\/v2\/posts\/2977458","targetHints":{"allow":["GET"]}}],"collection":[{"href":"https:\/\/agpnoticias.com\/news\/index.php?rest_route=\/wp\/v2\/posts"}],"about":[{"href":"https:\/\/agpnoticias.com\/news\/index.php?rest_route=\/wp\/v2\/types\/post"}],"author":[{"embeddable":true,"href":"https:\/\/agpnoticias.com\/news\/index.php?rest_route=\/wp\/v2\/users\/1"}],"replies":[{"embeddable":true,"href":"https:\/\/agpnoticias.com\/news\/index.php?rest_route=%2Fwp%2Fv2%2Fcomments&post=2977458"}],"version-history":[{"count":1,"href":"https:\/\/agpnoticias.com\/news\/index.php?rest_route=\/wp\/v2\/posts\/2977458\/revisions"}],"predecessor-version":[{"id":2977461,"href":"https:\/\/agpnoticias.com\/news\/index.php?rest_route=\/wp\/v2\/posts\/2977458\/revisions\/2977461"}],"wp:featuredmedia":[{"embeddable":true,"href":"https:\/\/agpnoticias.com\/news\/index.php?rest_route=\/wp\/v2\/media\/2977460"}],"wp:attachment":[{"href":"https:\/\/agpnoticias.com\/news\/index.php?rest_route=%2Fwp%2Fv2%2Fmedia&parent=2977458"}],"wp:term":[{"taxonomy":"category","embeddable":true,"href":"https:\/\/agpnoticias.com\/news\/index.php?rest_route=%2Fwp%2Fv2%2Fcategories&post=2977458"},{"taxonomy":"post_tag","embeddable":true,"href":"https:\/\/agpnoticias.com\/news\/index.php?rest_route=%2Fwp%2Fv2%2Ftags&post=2977458"}],"curies":[{"name":"wp","href":"https:\/\/api.w.org\/{rel}","templated":true}]}}