{"id":2977794,"date":"2024-10-26T09:53:47","date_gmt":"2024-10-26T16:53:47","guid":{"rendered":"https:\/\/agpnoticias.com\/news\/?p=2977794"},"modified":"2024-10-26T09:53:49","modified_gmt":"2024-10-26T16:53:49","slug":"quieres-participar-en-el-desfile-del-20-de-noviembre-esta-es-la-convocatoria","status":"publish","type":"post","link":"https:\/\/agpnoticias.com\/news\/?p=2977794","title":{"rendered":"\u00bfQuieres participar en el desfile del 20 de noviembre? Esta es la convocatoria"},"content":{"rendered":"\n<p>Ensenada, Baja California<em>.- <\/em>El Gobierno de Ensenada, a trav\u00e9s del Instituto Municipal del Deporte y Recreaci\u00f3n, invita a toda la comunidad a participar en el Desfile C\u00edvico-Deportivo Conmemorativo al CXIV Aniversario de la Revoluci\u00f3n Mexicana, que se celebrar\u00e1 el mi\u00e9rcoles 20 de noviembre de 2024 sobre el Blvd. Costero a las 10:00 de la ma\u00f1ana.<\/p>\n\n\n\n<figure class=\"wp-block-image size-large\"><img fetchpriority=\"high\" decoding=\"async\" width=\"810\" height=\"810\" src=\"https:\/\/agpnoticias.com\/news\/wp-content\/uploads\/2024\/10\/4c47dda0-ee53-456b-aa02-78bbe2ede38b-810x810.jpeg\" alt=\"\" class=\"wp-image-2977795\" srcset=\"https:\/\/agpnoticias.com\/news\/wp-content\/uploads\/2024\/10\/4c47dda0-ee53-456b-aa02-78bbe2ede38b-810x810.jpeg 810w, https:\/\/agpnoticias.com\/news\/wp-content\/uploads\/2024\/10\/4c47dda0-ee53-456b-aa02-78bbe2ede38b-400x400.jpeg 400w, https:\/\/agpnoticias.com\/news\/wp-content\/uploads\/2024\/10\/4c47dda0-ee53-456b-aa02-78bbe2ede38b-300x300.jpeg 300w\" sizes=\"(max-width: 810px) 100vw, 810px\" \/><\/figure>\n\n\n\n<p>La presidenta municipal, Claudia Agat\u00f3n Mu\u00f1iz, destac\u00f3 la relevancia de este evento, el cual no solo rinde homenaje a la gesta hist\u00f3rica de la Revoluci\u00f3n Mexicana, sino que tambi\u00e9n promueve los valores c\u00edvicos y deportivos en nuestra comunidad.<\/p>\n\n\n\n<p>Inscripci\u00f3n:<br>Para formar parte de este evento, te invitamos a acudir personalmente a las oficinas de INMUDERE, ubicadas dentro del Deportivo Sullivan, en los siguientes horarios:<br>Lunes a Viernes: 8 am a 2 pm y 3 pm a 5 pm<br>S\u00e1bados: 8 am a 12 pm<\/p>\n\n\n\n<p>\u201cInvitamos a la comunidad a inscribirse y ser parte de este desfile c\u00edvico-deportivo, una actividad que refuerza nuestra identidad y valores como sociedad\u201d, agreg\u00f3 el director del Inmudere, V\u00edctor Gonz\u00e1lez Vel\u00e1zquez.<\/p>\n\n\n\n<p>No te pierdas la oportunidad de participar en esta festividad que celebra nuestro patrimonio y esp\u00edritu deportivo. \u00a1Acomp\u00e1\u00f1anos el pr\u00f3ximo 20 de noviembre y se parte de este memorable evento para Ensenada!<\/p>\n\n\n\n<p>Para m\u00e1s informaci\u00f3n, consulta la p\u00e1gina oficial de Inmudere o visita las redes sociales del instituto.<\/p>\n","protected":false},"excerpt":{"rendered":"<p>Ensenada, Baja California.- El Gobierno de Ensenada, a trav\u00e9s del Instituto Municipal del Deporte y&#8230;<\/p>\n","protected":false},"author":1,"featured_media":2883289,"comment_status":"closed","ping_status":"closed","sticky":false,"template":"","format":"standard","meta":{"footnotes":""},"categories":[1,1152],"tags":[],"class_list":["post-2977794","post","type-post","status-publish","format-standard","has-post-thumbnail","hentry","category-uncategorized","category-editor-seleccion"],"_links":{"self":[{"href":"https:\/\/agpnoticias.com\/news\/index.php?rest_route=\/wp\/v2\/posts\/2977794","targetHints":{"allow":["GET"]}}],"collection":[{"href":"https:\/\/agpnoticias.com\/news\/index.php?rest_route=\/wp\/v2\/posts"}],"about":[{"href":"https:\/\/agpnoticias.com\/news\/index.php?rest_route=\/wp\/v2\/types\/post"}],"author":[{"embeddable":true,"href":"https:\/\/agpnoticias.com\/news\/index.php?rest_route=\/wp\/v2\/users\/1"}],"replies":[{"embeddable":true,"href":"https:\/\/agpnoticias.com\/news\/index.php?rest_route=%2Fwp%2Fv2%2Fcomments&post=2977794"}],"version-history":[{"count":1,"href":"https:\/\/agpnoticias.com\/news\/index.php?rest_route=\/wp\/v2\/posts\/2977794\/revisions"}],"predecessor-version":[{"id":2977796,"href":"https:\/\/agpnoticias.com\/news\/index.php?rest_route=\/wp\/v2\/posts\/2977794\/revisions\/2977796"}],"wp:featuredmedia":[{"embeddable":true,"href":"https:\/\/agpnoticias.com\/news\/index.php?rest_route=\/wp\/v2\/media\/2883289"}],"wp:attachment":[{"href":"https:\/\/agpnoticias.com\/news\/index.php?rest_route=%2Fwp%2Fv2%2Fmedia&parent=2977794"}],"wp:term":[{"taxonomy":"category","embeddable":true,"href":"https:\/\/agpnoticias.com\/news\/index.php?rest_route=%2Fwp%2Fv2%2Fcategories&post=2977794"},{"taxonomy":"post_tag","embeddable":true,"href":"https:\/\/agpnoticias.com\/news\/index.php?rest_route=%2Fwp%2Fv2%2Ftags&post=2977794"}],"curies":[{"name":"wp","href":"https:\/\/api.w.org\/{rel}","templated":true}]}}