{"id":2977955,"date":"2024-10-30T20:42:53","date_gmt":"2024-10-31T03:42:53","guid":{"rendered":"https:\/\/agpnoticias.com\/news\/?p=2977955"},"modified":"2024-10-30T20:51:48","modified_gmt":"2024-10-31T03:51:48","slug":"video-aereo-de-valencia-espana-deja-ver-los-danos-ocasionados-por-fuerte-tormenta","status":"publish","type":"post","link":"https:\/\/agpnoticias.com\/news\/?p=2977955","title":{"rendered":"Video a\u00e9reo de Valencia, Espa\u00f1a deja ver los da\u00f1os ocasionados por fuerte tormenta"},"content":{"rendered":"\n<p>Valencia, Espa\u00f1a.- En este v\u00eddeo que han grabado desde el aire se puede ver perfectamente las consecuencias de las inundaciones que ha provocado la <strong>DANA<\/strong> en Valencia.<\/p>\n\n\n\n<figure class=\"wp-block-video\"><video height=\"848\" style=\"aspect-ratio: 480 \/ 848;\" width=\"480\" autoplay controls src=\"https:\/\/agpnoticias.com\/news\/wp-content\/uploads\/2024\/10\/9EmLEvYH2MXz70GR.mp4\"><\/video><\/figure>\n","protected":false},"excerpt":{"rendered":"<p>Valencia, Espa\u00f1a.- En este v\u00eddeo que han grabado desde el aire se puede ver perfectamente&#8230;<\/p>\n","protected":false},"author":1,"featured_media":2977957,"comment_status":"closed","ping_status":"closed","sticky":false,"template":"","format":"standard","meta":{"footnotes":""},"categories":[1,405],"tags":[],"class_list":["post-2977955","post","type-post","status-publish","format-standard","has-post-thumbnail","hentry","category-uncategorized","category-sin-categoria-es"],"_links":{"self":[{"href":"https:\/\/agpnoticias.com\/news\/index.php?rest_route=\/wp\/v2\/posts\/2977955","targetHints":{"allow":["GET"]}}],"collection":[{"href":"https:\/\/agpnoticias.com\/news\/index.php?rest_route=\/wp\/v2\/posts"}],"about":[{"href":"https:\/\/agpnoticias.com\/news\/index.php?rest_route=\/wp\/v2\/types\/post"}],"author":[{"embeddable":true,"href":"https:\/\/agpnoticias.com\/news\/index.php?rest_route=\/wp\/v2\/users\/1"}],"replies":[{"embeddable":true,"href":"https:\/\/agpnoticias.com\/news\/index.php?rest_route=%2Fwp%2Fv2%2Fcomments&post=2977955"}],"version-history":[{"count":2,"href":"https:\/\/agpnoticias.com\/news\/index.php?rest_route=\/wp\/v2\/posts\/2977955\/revisions"}],"predecessor-version":[{"id":2977960,"href":"https:\/\/agpnoticias.com\/news\/index.php?rest_route=\/wp\/v2\/posts\/2977955\/revisions\/2977960"}],"wp:featuredmedia":[{"embeddable":true,"href":"https:\/\/agpnoticias.com\/news\/index.php?rest_route=\/wp\/v2\/media\/2977957"}],"wp:attachment":[{"href":"https:\/\/agpnoticias.com\/news\/index.php?rest_route=%2Fwp%2Fv2%2Fmedia&parent=2977955"}],"wp:term":[{"taxonomy":"category","embeddable":true,"href":"https:\/\/agpnoticias.com\/news\/index.php?rest_route=%2Fwp%2Fv2%2Fcategories&post=2977955"},{"taxonomy":"post_tag","embeddable":true,"href":"https:\/\/agpnoticias.com\/news\/index.php?rest_route=%2Fwp%2Fv2%2Ftags&post=2977955"}],"curies":[{"name":"wp","href":"https:\/\/api.w.org\/{rel}","templated":true}]}}