{"id":2978406,"date":"2024-11-14T17:19:25","date_gmt":"2024-11-15T01:19:25","guid":{"rendered":"https:\/\/agpnoticias.com\/news\/?p=2978406"},"modified":"2024-11-15T00:09:33","modified_gmt":"2024-11-15T08:09:33","slug":"dos-lesionados-fallecen-tras-ser-embestidos-en-revision-mecanica-de-la-baja-1000","status":"publish","type":"post","link":"https:\/\/agpnoticias.com\/news\/?p=2978406","title":{"rendered":"Dos lesionados fallecen tras ser embestidos en revisi\u00f3n mec\u00e1nica de la Baja 1000"},"content":{"rendered":"\n<p>Ensenada, Baja California.- Dos personas fallecieron la tarde de este jueves luego de que, por la ma\u00f1ana, un veh\u00edculo de carreras de la Baja 1000 las embistiera durante el evento de revisi\u00f3n mec\u00e1nica previo a la competencia. La revisi\u00f3n, un proceso en el que se inspecciona el estado del equipo del piloto, copiloto y autom\u00f3vil, se llevaba a cabo cuando el conductor de un Trophy Truck perdi\u00f3 el control del veh\u00edculo.<\/p>\n\n\n\n<p>Seg\u00fan inform\u00f3 Juan Tintos Funcke, representante de SCORE International, el conductor, miembro del equipo \u00abBuehler\u00bb, aceler\u00f3 en un aparente intento de \u00ablucirse\u00bb, lo que caus\u00f3 el impacto contra otro autom\u00f3vil. Tres personas resultaron heridas de gravedad en el accidente y fueron trasladadas de urgencia al hospital privado Velmar, donde lamentablemente dos de ellos perdieron la vida horas despu\u00e9s.<\/p>\n\n\n\n<p>Abelardo Grijalva, presidente de SCORE International, explic\u00f3 que el incidente fue resultado de una p\u00e9rdida de control debido a la conducta imprudente del joven al volante. Las autoridades municipales detuvieron al conductor en el lugar de los hechos, aunque se aclar\u00f3 que \u00e9l no era el piloto asignado de la unidad. Tanto el veh\u00edculo como el conductor fueron puestos a disposici\u00f3n de la Fiscal\u00eda General del Estado para la investigaci\u00f3n correspondiente.<\/p>\n","protected":false},"excerpt":{"rendered":"<p>Ensenada, Baja California.- Dos personas fallecieron la tarde de este jueves luego de que, por&#8230;<\/p>\n","protected":false},"author":1,"featured_media":2978394,"comment_status":"closed","ping_status":"closed","sticky":false,"template":"","format":"standard","meta":{"footnotes":""},"categories":[1,1151,1152],"tags":[],"class_list":["post-2978406","post","type-post","status-publish","format-standard","has-post-thumbnail","hentry","category-uncategorized","category-portada","category-editor-seleccion"],"_links":{"self":[{"href":"https:\/\/agpnoticias.com\/news\/index.php?rest_route=\/wp\/v2\/posts\/2978406","targetHints":{"allow":["GET"]}}],"collection":[{"href":"https:\/\/agpnoticias.com\/news\/index.php?rest_route=\/wp\/v2\/posts"}],"about":[{"href":"https:\/\/agpnoticias.com\/news\/index.php?rest_route=\/wp\/v2\/types\/post"}],"author":[{"embeddable":true,"href":"https:\/\/agpnoticias.com\/news\/index.php?rest_route=\/wp\/v2\/users\/1"}],"replies":[{"embeddable":true,"href":"https:\/\/agpnoticias.com\/news\/index.php?rest_route=%2Fwp%2Fv2%2Fcomments&post=2978406"}],"version-history":[{"count":1,"href":"https:\/\/agpnoticias.com\/news\/index.php?rest_route=\/wp\/v2\/posts\/2978406\/revisions"}],"predecessor-version":[{"id":2978407,"href":"https:\/\/agpnoticias.com\/news\/index.php?rest_route=\/wp\/v2\/posts\/2978406\/revisions\/2978407"}],"wp:featuredmedia":[{"embeddable":true,"href":"https:\/\/agpnoticias.com\/news\/index.php?rest_route=\/wp\/v2\/media\/2978394"}],"wp:attachment":[{"href":"https:\/\/agpnoticias.com\/news\/index.php?rest_route=%2Fwp%2Fv2%2Fmedia&parent=2978406"}],"wp:term":[{"taxonomy":"category","embeddable":true,"href":"https:\/\/agpnoticias.com\/news\/index.php?rest_route=%2Fwp%2Fv2%2Fcategories&post=2978406"},{"taxonomy":"post_tag","embeddable":true,"href":"https:\/\/agpnoticias.com\/news\/index.php?rest_route=%2Fwp%2Fv2%2Ftags&post=2978406"}],"curies":[{"name":"wp","href":"https:\/\/api.w.org\/{rel}","templated":true}]}}