{"id":2978425,"date":"2024-11-14T19:55:00","date_gmt":"2024-11-15T03:55:00","guid":{"rendered":"https:\/\/agpnoticias.com\/news\/?p=2978425"},"modified":"2024-11-14T23:59:54","modified_gmt":"2024-11-15T07:59:54","slug":"ecuador-goleo-a-bolivia-y-le-toma-distancia-en-la-eliminatoria-mundialista","status":"publish","type":"post","link":"https:\/\/agpnoticias.com\/news\/?p=2978425","title":{"rendered":"Ecuador gole\u00f3 a Bolivia y le toma distancia en la eliminatoria mundialista"},"content":{"rendered":"\n<p>Guayaquil, Ecuador.- La selecci\u00f3n ecuatoriana gole\u00f3 4-0 a Bolivia este jueves por la 11\u00b0 jornada de las Eliminatorias Sudamericanas, rumbo al Mundial de 2026, en un partido disputado en el puerto de Guayaquil.<\/p>\n\n\n\n<p>Superior de inicio a fin, la Tricolor se impuso con un tanto de su goleador hist\u00f3rico Enner Valencia (minuto 26\u2019), un doblete del extremo Gonzalo Plata (28\u2019 y 49\u2019) y una anotaci\u00f3n de Alan Minda (60\u2019).<\/p>\n\n\n\n<figure class=\"wp-block-embed is-type-video is-provider-youtube wp-block-embed-youtube wp-embed-aspect-16-9 wp-has-aspect-ratio\"><div class=\"wp-block-embed__wrapper\">\n<iframe title=\"ECUADOR vs. BOLIVIA [4-0] | RESUMEN | ELIMINATORIAS SUDAMERICANAS | FECHA 11\" width=\"640\" height=\"360\" src=\"https:\/\/www.youtube.com\/embed\/kpvdssfmdgc?feature=oembed\" frameborder=\"0\" allow=\"accelerometer; autoplay; clipboard-write; encrypted-media; gyroscope; picture-in-picture; web-share\" referrerpolicy=\"strict-origin-when-cross-origin\" allowfullscreen><\/iframe>\n<\/div><\/figure>\n\n\n\n<p>Un importante resultado lejos de su hogar tradicional, Quito, y clave para permanecer cerca de Paraguay, su principal rival en el camino a la pr\u00f3xima Copa del Mundo.<\/p>\n\n\n\n<p>Bolivia esta vez se sinti\u00f3 inc\u00f3modo y termin\u00f3 jugando con 10 hombres por una expulsi\u00f3n de<\/p>\n\n\n\n<p>Ecuador es quinta y de momento clasifica al Mundial con 16 puntos, los mismos que Paraguay, aunque con mejor diferencia de gol. Por su parte Bolivia perdi\u00f3 un puesto y ahora es octava.<\/p>\n\n\n\n<p><em>Informaci\u00f3n: Conmebol.<\/em><\/p>\n","protected":false},"excerpt":{"rendered":"<p>Guayaquil, Ecuador.- La selecci\u00f3n ecuatoriana gole\u00f3 4-0 a Bolivia este jueves por la 11\u00b0 jornada&#8230;<\/p>\n","protected":false},"author":1,"featured_media":2978426,"comment_status":"closed","ping_status":"closed","sticky":false,"template":"","format":"video","meta":{"footnotes":""},"categories":[32,1144,1151],"tags":[907],"class_list":["post-2978425","post","type-post","status-publish","format-video","has-post-thumbnail","hentry","category-soccer","category-futbol-internacional","category-portada","tag-tendencia","post_format-post-format-video"],"_links":{"self":[{"href":"https:\/\/agpnoticias.com\/news\/index.php?rest_route=\/wp\/v2\/posts\/2978425","targetHints":{"allow":["GET"]}}],"collection":[{"href":"https:\/\/agpnoticias.com\/news\/index.php?rest_route=\/wp\/v2\/posts"}],"about":[{"href":"https:\/\/agpnoticias.com\/news\/index.php?rest_route=\/wp\/v2\/types\/post"}],"author":[{"embeddable":true,"href":"https:\/\/agpnoticias.com\/news\/index.php?rest_route=\/wp\/v2\/users\/1"}],"replies":[{"embeddable":true,"href":"https:\/\/agpnoticias.com\/news\/index.php?rest_route=%2Fwp%2Fv2%2Fcomments&post=2978425"}],"version-history":[{"count":1,"href":"https:\/\/agpnoticias.com\/news\/index.php?rest_route=\/wp\/v2\/posts\/2978425\/revisions"}],"predecessor-version":[{"id":2978427,"href":"https:\/\/agpnoticias.com\/news\/index.php?rest_route=\/wp\/v2\/posts\/2978425\/revisions\/2978427"}],"wp:featuredmedia":[{"embeddable":true,"href":"https:\/\/agpnoticias.com\/news\/index.php?rest_route=\/wp\/v2\/media\/2978426"}],"wp:attachment":[{"href":"https:\/\/agpnoticias.com\/news\/index.php?rest_route=%2Fwp%2Fv2%2Fmedia&parent=2978425"}],"wp:term":[{"taxonomy":"category","embeddable":true,"href":"https:\/\/agpnoticias.com\/news\/index.php?rest_route=%2Fwp%2Fv2%2Fcategories&post=2978425"},{"taxonomy":"post_tag","embeddable":true,"href":"https:\/\/agpnoticias.com\/news\/index.php?rest_route=%2Fwp%2Fv2%2Ftags&post=2978425"}],"curies":[{"name":"wp","href":"https:\/\/api.w.org\/{rel}","templated":true}]}}