{"id":2978940,"date":"2024-12-04T15:39:40","date_gmt":"2024-12-04T23:39:40","guid":{"rendered":"https:\/\/agpnoticias.com\/news\/?p=2978940"},"modified":"2024-12-04T15:50:43","modified_gmt":"2024-12-04T23:50:43","slug":"anuncian-el-tercer-desfile-navideno-en-ensenada-buscan-romper-record-de-asistencia","status":"publish","type":"post","link":"https:\/\/agpnoticias.com\/news\/?p=2978940","title":{"rendered":"Anuncian el tercer desfile navide\u00f1o en Ensenada: Buscan romper r\u00e9cord de asistencia"},"content":{"rendered":"\n<p>Ensenada, Baja California.- Con el objetivo de superar las 30 mil personas que presenciaron el desfile navide\u00f1o el a\u00f1o pasado, Arturo Rodr\u00edguez, en representaci\u00f3n del Instituto Municipal del Deporte de Ensenada (INMUDERE), present\u00f3 los detalles del Tercer Desfile Navide\u00f1o que se llevar\u00e1 a cabo el pr\u00f3ximo <strong>13 de diciembre a las 6:00 p.m.<\/strong><\/p>\n\n\n\n<figure class=\"wp-block-image size-large\"><img fetchpriority=\"high\" decoding=\"async\" width=\"810\" height=\"810\" src=\"https:\/\/agpnoticias.com\/news\/wp-content\/uploads\/2024\/12\/IMG_4546-810x810.jpeg\" alt=\"\" class=\"wp-image-2978946\" srcset=\"https:\/\/agpnoticias.com\/news\/wp-content\/uploads\/2024\/12\/IMG_4546-810x810.jpeg 810w, https:\/\/agpnoticias.com\/news\/wp-content\/uploads\/2024\/12\/IMG_4546-400x400.jpeg 400w, https:\/\/agpnoticias.com\/news\/wp-content\/uploads\/2024\/12\/IMG_4546-300x300.jpeg 300w\" sizes=\"(max-width: 810px) 100vw, 810px\" \/><\/figure>\n\n\n\n<p><br>Seg\u00fan Rodr\u00edguez, este evento ha crecido significativamente desde su creaci\u00f3n. En el primer a\u00f1o participaron 12 contingentes, cifra que aument\u00f3 a 20 el a\u00f1o pasado. Para esta edici\u00f3n, se espera la participaci\u00f3n de al menos 25 contingentes.<\/p>\n\n\n\n<p>\u201cLa idea de realizar este desfile cada a\u00f1o fue de V\u00edctor Gonz\u00e1lez, director de INMUDERE, quien quiso replicar esta tradici\u00f3n que se realiza en otras ciudades. Si se puede en otros lugares, \u00bfpor qu\u00e9 no aqu\u00ed?\u201d, explic\u00f3 Rodr\u00edguez.<\/p>\n\n\n\n<h3 class=\"wp-block-heading\">Convocatoria abierta para participar<\/h3>\n\n\n\n<p>Pablo Granados, miembro del staff de INMUDERE, detall\u00f3 que la convocatoria para participar est\u00e1 abierta. Los interesados deben cumplir con la condici\u00f3n de decorar sus veh\u00edculos o comparsas con luces y tem\u00e1tica navide\u00f1a.<\/p>\n\n\n\n<p>Las categor\u00edas incluyen:<\/p>\n\n\n\n<ul class=\"wp-block-list\">\n<li>Veh\u00edculos de cuatro llantas.<\/li>\n\n\n\n<li>Motocicletas y razers.<\/li>\n\n\n\n<li>Plataformas decoradas.<\/li>\n\n\n\n<li>Comparsas a pie.<\/li>\n<\/ul>\n\n\n\n<p>El registro cierra el <strong>9 de diciembre<\/strong>, aunque las dependencias municipales tendr\u00e1n hasta el <strong>11 de diciembre<\/strong> para inscribirse. Entre las dependencias confirmadas est\u00e1n Bomberos, Turismo, Protecci\u00f3n Civil y Bienestar, entre otras.<\/p>\n\n\n\n<h3 class=\"wp-block-heading\">Ruta y actividades del desfile<\/h3>\n\n\n\n<p>Ad\u00e1n Hirata, del \u00e1rea t\u00e9cnica de INMUDERE, inform\u00f3 que el desfile iniciar\u00e1 en el Boulevard Costero y Calle Plinta, en Playa Hermosa. Continuar\u00e1 por el Boulevard Costero, pasar\u00e1 por la Calle Primera y recorrer\u00e1 varias calles del centro de la ciudad.<\/p>\n\n\n\n<p>El evento concluir\u00e1 con una verbena en el Parque Revoluci\u00f3n, donde los asistentes podr\u00e1n disfrutar de rifas, m\u00fasica y una exhibici\u00f3n de los veh\u00edculos participantes. Adem\u00e1s, habr\u00e1 premiaciones para los mejores veh\u00edculos del desfile.<\/p>\n\n\n\n<h3 class=\"wp-block-heading\">Cierres viales<\/h3>\n\n\n\n<p>Para garantizar la seguridad del evento, Hirata indic\u00f3 que algunas calles estar\u00e1n cerradas desde las 5:00 p.m., especialmente en la zona centro, incluyendo la Calle Primera y Calle Ruiz.<\/p>\n\n\n\n<p>Con este evento, el INMUDERE busca consolidar una tradici\u00f3n que une a la comunidad en un ambiente de celebraci\u00f3n navide\u00f1a.<\/p>\n","protected":false},"excerpt":{"rendered":"<p>Ensenada, Baja California.- Con el objetivo de superar las 30 mil personas que presenciaron el&#8230;<\/p>\n","protected":false},"author":1,"featured_media":2978944,"comment_status":"closed","ping_status":"closed","sticky":false,"template":"","format":"standard","meta":{"footnotes":""},"categories":[1,1146,1151,1152],"tags":[],"class_list":["post-2978940","post","type-post","status-publish","format-standard","has-post-thumbnail","hentry","category-uncategorized","category-ensenada","category-portada","category-editor-seleccion"],"_links":{"self":[{"href":"https:\/\/agpnoticias.com\/news\/index.php?rest_route=\/wp\/v2\/posts\/2978940","targetHints":{"allow":["GET"]}}],"collection":[{"href":"https:\/\/agpnoticias.com\/news\/index.php?rest_route=\/wp\/v2\/posts"}],"about":[{"href":"https:\/\/agpnoticias.com\/news\/index.php?rest_route=\/wp\/v2\/types\/post"}],"author":[{"embeddable":true,"href":"https:\/\/agpnoticias.com\/news\/index.php?rest_route=\/wp\/v2\/users\/1"}],"replies":[{"embeddable":true,"href":"https:\/\/agpnoticias.com\/news\/index.php?rest_route=%2Fwp%2Fv2%2Fcomments&post=2978940"}],"version-history":[{"count":1,"href":"https:\/\/agpnoticias.com\/news\/index.php?rest_route=\/wp\/v2\/posts\/2978940\/revisions"}],"predecessor-version":[{"id":2978947,"href":"https:\/\/agpnoticias.com\/news\/index.php?rest_route=\/wp\/v2\/posts\/2978940\/revisions\/2978947"}],"wp:featuredmedia":[{"embeddable":true,"href":"https:\/\/agpnoticias.com\/news\/index.php?rest_route=\/wp\/v2\/media\/2978944"}],"wp:attachment":[{"href":"https:\/\/agpnoticias.com\/news\/index.php?rest_route=%2Fwp%2Fv2%2Fmedia&parent=2978940"}],"wp:term":[{"taxonomy":"category","embeddable":true,"href":"https:\/\/agpnoticias.com\/news\/index.php?rest_route=%2Fwp%2Fv2%2Fcategories&post=2978940"},{"taxonomy":"post_tag","embeddable":true,"href":"https:\/\/agpnoticias.com\/news\/index.php?rest_route=%2Fwp%2Fv2%2Ftags&post=2978940"}],"curies":[{"name":"wp","href":"https:\/\/api.w.org\/{rel}","templated":true}]}}