{"id":2978941,"date":"2024-12-04T15:39:09","date_gmt":"2024-12-04T23:39:09","guid":{"rendered":"https:\/\/agpnoticias.com\/news\/?p=2978941"},"modified":"2024-12-04T15:39:11","modified_gmt":"2024-12-04T23:39:11","slug":"mbappe-falla-otro-penal-y-el-madrid-pierde-el-juego-y-la-posibilidad-de-tomar-ventaja-al-lider-barcelona","status":"publish","type":"post","link":"https:\/\/agpnoticias.com\/news\/?p=2978941","title":{"rendered":"Mbapp\u00e9 falla otro penal y el Madrid pierde el juego y la posibilidad de tomar ventaja al l\u00edder Barcelona"},"content":{"rendered":"\n<p>Bilbao, Espa\u00f1a.- Kylian Mbapp\u00e9 admiti\u00f3 que atraviesa un momento dif\u00edcil tras fallar otro penal y el Real Madrid perdi\u00f3 terreno ante el Barcelona en la liga espa\u00f1ola tras caer 2-1 en Athletic Bilbao el mi\u00e9rcoles.<\/p>\n\n\n\n<p>Mbapp\u00e9 vio su penalti detenido por el portero del Athletic Julen Agirrezabala en el minuto 68, y m\u00e1s tarde Federico Valverde regal\u00f3 un gol en el \u00faltimo momento al perder la posesi\u00f3n en defensa para permitir un f\u00e1cil gol de la victoria de Gorka Guruzeta en el 80.<\/p>\n\n\n\n<p>\u201cMal resultado\u201d, public\u00f3 Mbapp\u00e9 en Instagram. \u201cUn gran error en un partido en el que cada detalle cuenta. Asumo toda la responsabilidad. Un momento dif\u00edcil, pero es el mejor momento para cambiar esta situaci\u00f3n y demostrar qui\u00e9n soy\u201d.<\/p>\n\n\n\n<p>Mbapp\u00e9 envi\u00f3 el penalti a su derecha y Agirrezabala se lanz\u00f3 hacia all\u00ed para detenerlo.<\/p>\n\n\n\n<p>\u201cSab\u00edamos que es un buen lanzador de penaltis\u201d, dijo Agirrezabala. \u201cFalt\u00f3 el \u00faltimo y yo cre\u00eda que iba a elegir el mismo lado y por suerte as\u00ed fue\u201d.<\/p>\n\n\n\n<p>Mbapp\u00e9, a quien le anularon un gol por fuera de juego en el minuto 13, tambi\u00e9n hab\u00eda fallado un penalti en la derrota 2-0 del Madrid ante el Liverpool en la Liga de Campeones la semana pasada. No lanz\u00f3 el penalti para el club en un partido de la liga espa\u00f1ola el domingo, pero marc\u00f3 en la victoria 2-0 sobre el Getafe para aliviar un poco la presi\u00f3n sobre \u00e9l y el club.<\/p>\n\n\n\n<p>Pero fue otra actuaci\u00f3n mediocre para la estrella francesa, que sigue teniendo dificultades en su primera temporada desde que finalmente se uni\u00f3 a la potencia espa\u00f1ola.<\/p>\n\n\n\n<p>\u201cNo voy a valorar el rendimiento de un jugador por un penalti fallado. Obviamente est\u00e1 triste y decepcionado, pero hay que seguir adelante\u201d, dijo el entrenador del Madrid, Carlo Ancelotti, sobre Mbapp\u00e9. \u201cNo est\u00e1 en su mejor nivel, pero hay que darle tiempo para que se adapte. Hay que darle tiempo para que pueda hacerlo mejor\u201d.<\/p>\n\n\n\n<p>Ancelotti tambi\u00e9n rest\u00f3 importancia al mal juego de Valverde, diciendo que los errores le pueden pasar a cualquiera.<\/p>\n\n\n\n<p>Valverde tuvo el control del bal\u00f3n pero lo cedi\u00f3 al intentar superar a un par de jugadores del Athletic en lugar de pas\u00e1rselo a un compa\u00f1ero, dejando a Guruzeta con f\u00e1cil acceso al \u00e1rea hacia su porter\u00eda.<\/p>\n\n\n\n<p>\u00c1lex Berenguer hab\u00eda adelantado a los locales en el 53\u2019 y Jude Bellingham empat\u00f3 para el Madrid en el 78\u2019.<\/p>\n\n\n\n<p>La derrota dej\u00f3 al Madrid a cuatro puntos del Barcelona, ??que el martes puso fin a una racha de tres partidos sin ganar en la liga con una goleada por 5-1 en Mallorca. El Madrid, que tiene un partido menos, hab\u00eda ganado tres partidos consecutivos de liga desde la derrota por 4-0 en casa en el cl\u00e1sico contra el Barcelona.<\/p>\n\n\n\n<p>El Madrid ha perdido cinco de sus \u00faltimos 11 partidos en todas las competiciones.<\/p>\n\n\n\n<p>El Athletic asciende al cuarto puesto con esta victoria, su cuarta consecutiva entre todas las competiciones.<\/p>\n\n\n\n<p>Ambos partidos del martes y mi\u00e9rcoles fueron adelantados en el calendario porque los clubes jugar\u00e1n la Supercopa de Espa\u00f1a en enero.<\/p>\n\n\n\n<p><em>Informaci\u00f3n: AP.<\/em><\/p>\n","protected":false},"excerpt":{"rendered":"<p>Bilbao, Espa\u00f1a.- Kylian Mbapp\u00e9 admiti\u00f3 que atraviesa un momento dif\u00edcil tras fallar otro penal y&#8230;<\/p>\n","protected":false},"author":1,"featured_media":2978943,"comment_status":"closed","ping_status":"closed","sticky":false,"template":"","format":"standard","meta":{"footnotes":""},"categories":[32,1144,1151,1152],"tags":[],"class_list":["post-2978941","post","type-post","status-publish","format-standard","has-post-thumbnail","hentry","category-soccer","category-futbol-internacional","category-portada","category-editor-seleccion"],"_links":{"self":[{"href":"https:\/\/agpnoticias.com\/news\/index.php?rest_route=\/wp\/v2\/posts\/2978941","targetHints":{"allow":["GET"]}}],"collection":[{"href":"https:\/\/agpnoticias.com\/news\/index.php?rest_route=\/wp\/v2\/posts"}],"about":[{"href":"https:\/\/agpnoticias.com\/news\/index.php?rest_route=\/wp\/v2\/types\/post"}],"author":[{"embeddable":true,"href":"https:\/\/agpnoticias.com\/news\/index.php?rest_route=\/wp\/v2\/users\/1"}],"replies":[{"embeddable":true,"href":"https:\/\/agpnoticias.com\/news\/index.php?rest_route=%2Fwp%2Fv2%2Fcomments&post=2978941"}],"version-history":[{"count":1,"href":"https:\/\/agpnoticias.com\/news\/index.php?rest_route=\/wp\/v2\/posts\/2978941\/revisions"}],"predecessor-version":[{"id":2978945,"href":"https:\/\/agpnoticias.com\/news\/index.php?rest_route=\/wp\/v2\/posts\/2978941\/revisions\/2978945"}],"wp:featuredmedia":[{"embeddable":true,"href":"https:\/\/agpnoticias.com\/news\/index.php?rest_route=\/wp\/v2\/media\/2978943"}],"wp:attachment":[{"href":"https:\/\/agpnoticias.com\/news\/index.php?rest_route=%2Fwp%2Fv2%2Fmedia&parent=2978941"}],"wp:term":[{"taxonomy":"category","embeddable":true,"href":"https:\/\/agpnoticias.com\/news\/index.php?rest_route=%2Fwp%2Fv2%2Fcategories&post=2978941"},{"taxonomy":"post_tag","embeddable":true,"href":"https:\/\/agpnoticias.com\/news\/index.php?rest_route=%2Fwp%2Fv2%2Ftags&post=2978941"}],"curies":[{"name":"wp","href":"https:\/\/api.w.org\/{rel}","templated":true}]}}