{"id":2978977,"date":"2024-12-07T11:14:13","date_gmt":"2024-12-07T19:14:13","guid":{"rendered":"https:\/\/agpnoticias.com\/news\/?p=2978977"},"modified":"2024-12-07T11:14:33","modified_gmt":"2024-12-07T19:14:33","slug":"betis-le-empata-al-barcelona-sobre-el-final-y-flick-protesta","status":"publish","type":"post","link":"https:\/\/agpnoticias.com\/news\/?p=2978977","title":{"rendered":"Betis le empata al Barcelona sobre el final y Flick protesta"},"content":{"rendered":"\n<p>Sevilla, Espa\u00f1a.- El t\u00e9cnico Hansi Flick fue expulsado por protestar una decisi\u00f3n penal y el Barcelona empat\u00f3 2-2 con el Real Betis en La Liga el s\u00e1bado.<\/p>\n\n\n\n<p>Flick no estuvo de acuerdo con la decisi\u00f3n del \u00e1rbitro de conceder penalti tras la revisi\u00f3n del v\u00eddeo cuando el delantero del Betis Vitor Roque cay\u00f3 en el \u00e1rea tras un roce con Frenkie de Jong.<\/p>\n\n\n\n<p>Giovani Lo Celso convirti\u00f3 el penalti en el minuto 66 para igualar el marcador despu\u00e9s de que Robert Lewandowski pusiera a los visitantes en ventaja en el minuto 38 con su 16\u00ba gol, l\u00edder en la liga.<\/p>\n\n\n\n<p>El suplente Ferran Torres marc\u00f3 tras un pase de Lamine Yamal para poner de nuevo por delante al Barcelona en el 82, pero Assane Diao marc\u00f3 en el tiempo de descuento para asegurar el empate para el Betis.<\/p>\n\n\n\n<p>El Barcelona ha perdido puntos en cuatro de las \u00faltimas cinco jornadas. El l\u00edder de la Liga aventaja en cinco puntos al Real Madrid, que tiene dos partidos menos.<\/p>\n\n\n\n<p>Flick dijo que estaba sorprendido por la decisi\u00f3n del \u00e1rbitro de expulsarlo, pero se neg\u00f3 a criticar su expulsi\u00f3n o la decisi\u00f3n del penalti que se tom\u00f3 despu\u00e9s de que el \u00e1rbitro vio las repeticiones en video.<\/p>\n\n\n\n<p>\u201cNo le dije nada a nadie, fue una reacci\u00f3n por mi cuenta\u201d, dijo el ex entrenador del Bayern Munich sobre su supuesta protesta. \u201cEstoy muy decepcionado por eso (la expulsi\u00f3n) porque nunca me hab\u00eda pasado, pero quiz\u00e1s aqu\u00ed (en Espa\u00f1a) sea as\u00ed\u201d.<\/p>\n\n\n\n<p><em>Informaci\u00f3n: AP.<\/em><\/p>\n","protected":false},"excerpt":{"rendered":"<p>Sevilla, Espa\u00f1a.- El t\u00e9cnico Hansi Flick fue expulsado por protestar una decisi\u00f3n penal y el&#8230;<\/p>\n","protected":false},"author":1,"featured_media":2978978,"comment_status":"closed","ping_status":"closed","sticky":false,"template":"","format":"standard","meta":{"footnotes":""},"categories":[32,1144,1151],"tags":[907],"class_list":["post-2978977","post","type-post","status-publish","format-standard","has-post-thumbnail","hentry","category-soccer","category-futbol-internacional","category-portada","tag-tendencia"],"_links":{"self":[{"href":"https:\/\/agpnoticias.com\/news\/index.php?rest_route=\/wp\/v2\/posts\/2978977","targetHints":{"allow":["GET"]}}],"collection":[{"href":"https:\/\/agpnoticias.com\/news\/index.php?rest_route=\/wp\/v2\/posts"}],"about":[{"href":"https:\/\/agpnoticias.com\/news\/index.php?rest_route=\/wp\/v2\/types\/post"}],"author":[{"embeddable":true,"href":"https:\/\/agpnoticias.com\/news\/index.php?rest_route=\/wp\/v2\/users\/1"}],"replies":[{"embeddable":true,"href":"https:\/\/agpnoticias.com\/news\/index.php?rest_route=%2Fwp%2Fv2%2Fcomments&post=2978977"}],"version-history":[{"count":1,"href":"https:\/\/agpnoticias.com\/news\/index.php?rest_route=\/wp\/v2\/posts\/2978977\/revisions"}],"predecessor-version":[{"id":2978979,"href":"https:\/\/agpnoticias.com\/news\/index.php?rest_route=\/wp\/v2\/posts\/2978977\/revisions\/2978979"}],"wp:featuredmedia":[{"embeddable":true,"href":"https:\/\/agpnoticias.com\/news\/index.php?rest_route=\/wp\/v2\/media\/2978978"}],"wp:attachment":[{"href":"https:\/\/agpnoticias.com\/news\/index.php?rest_route=%2Fwp%2Fv2%2Fmedia&parent=2978977"}],"wp:term":[{"taxonomy":"category","embeddable":true,"href":"https:\/\/agpnoticias.com\/news\/index.php?rest_route=%2Fwp%2Fv2%2Fcategories&post=2978977"},{"taxonomy":"post_tag","embeddable":true,"href":"https:\/\/agpnoticias.com\/news\/index.php?rest_route=%2Fwp%2Fv2%2Ftags&post=2978977"}],"curies":[{"name":"wp","href":"https:\/\/api.w.org\/{rel}","templated":true}]}}