{"id":2979073,"date":"2024-12-10T21:09:25","date_gmt":"2024-12-11T05:09:25","guid":{"rendered":"https:\/\/agpnoticias.com\/news\/?p=2979073"},"modified":"2024-12-10T21:09:27","modified_gmt":"2024-12-11T05:09:27","slug":"desde-gymnasium-ensenada-el-relevo-mas-rapido-y-finalistas-en-ambas-ramas-durante-el-maraton-bc","status":"publish","type":"post","link":"https:\/\/agpnoticias.com\/news\/?p=2979073","title":{"rendered":"Desde Gymnasium Ensenada el relevo m\u00e1s r\u00e1pido y finalistas en ambas ramas durante el Marat\u00f3n BC"},"content":{"rendered":"\n<p><\/p>\n\n\n\n<p>Mexicali, Baja California.- Gymnasium Ensenada obtuvo el primer lugar en la modalidad de relevos en el Marat\u00f3n Baja California, gracias al esfuerzo de Aar\u00f3n Rojas, Cristian Hern\u00e1ndez, Sergio Almaz\u00e1n Jr y Sergio Almaz\u00e1n Sr.<\/p>\n\n\n\n<p>En conjunto completaron los 42 kil\u00f3metros en 3 horas 39 minutos y 32 segundos durante la justa con sede en Mexicali bajo la organizaci\u00f3n del Instituto del Deporte de Baja California.<\/p>\n\n\n\n<p>\u201cLos muchachos volaron e hicieron una gran carrera. Fue un logro en conjunto\u201d, dijo Fernando Ribeiro Cham.<\/p>\n\n\n\n<p>El director de dicho espacio agreg\u00f3: \u201cLos resultados de este pasado domingo, fueron el fruto de un proceso de meses, de entrenar a las 5:30 de la ma\u00f1ana, con fr\u00edo, llovizna, en d\u00edas festivos y el reflejo estuvo all\u00ed\u201d.<\/p>\n\n\n\n<figure class=\"wp-block-gallery has-nested-images columns-default is-cropped wp-block-gallery-1 is-layout-flex wp-block-gallery-is-layout-flex\">\n<figure class=\"wp-block-image size-large\"><img fetchpriority=\"high\" decoding=\"async\" width=\"810\" height=\"810\" data-id=\"2979078\" src=\"https:\/\/agpnoticias.com\/news\/wp-content\/uploads\/2024\/12\/0ad5c3c7-f183-44d2-aa2c-02ef0575daee-810x810.jpeg\" alt=\"\" class=\"wp-image-2979078\" srcset=\"https:\/\/agpnoticias.com\/news\/wp-content\/uploads\/2024\/12\/0ad5c3c7-f183-44d2-aa2c-02ef0575daee-810x810.jpeg 810w, https:\/\/agpnoticias.com\/news\/wp-content\/uploads\/2024\/12\/0ad5c3c7-f183-44d2-aa2c-02ef0575daee-400x400.jpeg 400w, https:\/\/agpnoticias.com\/news\/wp-content\/uploads\/2024\/12\/0ad5c3c7-f183-44d2-aa2c-02ef0575daee-300x300.jpeg 300w\" sizes=\"(max-width: 810px) 100vw, 810px\" \/><\/figure>\n\n\n\n<figure class=\"wp-block-image size-large\"><img decoding=\"async\" width=\"810\" height=\"540\" data-id=\"2979074\" src=\"https:\/\/agpnoticias.com\/news\/wp-content\/uploads\/2024\/12\/52f71537-ec0b-4a2f-92ed-e21ba8c31cfb-810x540.jpeg\" alt=\"\" class=\"wp-image-2979074\"\/><\/figure>\n\n\n\n<figure class=\"wp-block-image size-large\"><img decoding=\"async\" width=\"810\" height=\"810\" data-id=\"2979075\" src=\"https:\/\/agpnoticias.com\/news\/wp-content\/uploads\/2024\/12\/5312841c-6744-4ba4-9e96-0184dbf791be-810x810.jpeg\" alt=\"\" class=\"wp-image-2979075\" srcset=\"https:\/\/agpnoticias.com\/news\/wp-content\/uploads\/2024\/12\/5312841c-6744-4ba4-9e96-0184dbf791be-810x810.jpeg 810w, https:\/\/agpnoticias.com\/news\/wp-content\/uploads\/2024\/12\/5312841c-6744-4ba4-9e96-0184dbf791be-400x400.jpeg 400w, https:\/\/agpnoticias.com\/news\/wp-content\/uploads\/2024\/12\/5312841c-6744-4ba4-9e96-0184dbf791be-300x300.jpeg 300w\" sizes=\"(max-width: 810px) 100vw, 810px\" \/><\/figure>\n<\/figure>\n\n\n\n<p>Alejandro Mu\u00f1oz se convirti\u00f3 en finisher en la modalidad individual, logrando hacer la prueba de marat\u00f3n por primera vez. \u201cEl marat\u00f3n fue muy dif\u00edcil, a las 7 de la ma\u00f1ana ya hay mucho sol y a eso hay que sumarle la p\u00e9sima calidad del aire por la contaminaci\u00f3n y la complejidad de la hidrataci\u00f3n en ruta. Lo de Alejandro, fue sobresaliente\u201d.<\/p>\n\n\n\n<p>Rosy Chaparro, Adela Avenda\u00f1o, Daniela Contreras y Claudia L\u00f3pez, as\u00ed como Leyza Duarte, Roxana Villalobos, Abril Pedraza y Deneb Campos, cubrieron la m\u00edtica distancia en la modalidad de relevos, mejorando r\u00e9cords personales en los segmentos de 10 y 12 kil\u00f3metros.<\/p>\n\n\n\n<p>Los m\u00e1s j\u00f3venes del grupo, Alan Perea y Emiliano Peralta, tuvieron cierres por debajo de la hora 10 minutos en los 12 kil\u00f3metros finales.<\/p>\n\n\n\n<p>Por \u00faltimo, nuestro usuario Erick Peralta cubri\u00f3 la cuota planeada de 30 kil\u00f3metros, superando ya la distancia de los 21 que ha hecho en ocasiones anteriores.<\/p>\n\n\n\n<p>\u201cHa sido un extraordinario a\u00f1o para nuestros representantes y de esta manera se cierra el a\u00f1o deportivo. En el 2025 vamos por m\u00e1s y agradecemos la confianza de nuestros usuarios\u201d, afirm\u00f3.<\/p>\n","protected":false},"excerpt":{"rendered":"<p>Mexicali, Baja California.- Gymnasium Ensenada obtuvo el primer lugar en la modalidad de relevos en&#8230;<\/p>\n","protected":false},"author":1,"featured_media":2979078,"comment_status":"closed","ping_status":"closed","sticky":false,"template":"","format":"standard","meta":{"footnotes":""},"categories":[31,1146,1151],"tags":[907],"class_list":["post-2979073","post","type-post","status-publish","format-standard","has-post-thumbnail","hentry","category-atletismo","category-ensenada","category-portada","tag-tendencia"],"_links":{"self":[{"href":"https:\/\/agpnoticias.com\/news\/index.php?rest_route=\/wp\/v2\/posts\/2979073","targetHints":{"allow":["GET"]}}],"collection":[{"href":"https:\/\/agpnoticias.com\/news\/index.php?rest_route=\/wp\/v2\/posts"}],"about":[{"href":"https:\/\/agpnoticias.com\/news\/index.php?rest_route=\/wp\/v2\/types\/post"}],"author":[{"embeddable":true,"href":"https:\/\/agpnoticias.com\/news\/index.php?rest_route=\/wp\/v2\/users\/1"}],"replies":[{"embeddable":true,"href":"https:\/\/agpnoticias.com\/news\/index.php?rest_route=%2Fwp%2Fv2%2Fcomments&post=2979073"}],"version-history":[{"count":1,"href":"https:\/\/agpnoticias.com\/news\/index.php?rest_route=\/wp\/v2\/posts\/2979073\/revisions"}],"predecessor-version":[{"id":2979079,"href":"https:\/\/agpnoticias.com\/news\/index.php?rest_route=\/wp\/v2\/posts\/2979073\/revisions\/2979079"}],"wp:featuredmedia":[{"embeddable":true,"href":"https:\/\/agpnoticias.com\/news\/index.php?rest_route=\/wp\/v2\/media\/2979078"}],"wp:attachment":[{"href":"https:\/\/agpnoticias.com\/news\/index.php?rest_route=%2Fwp%2Fv2%2Fmedia&parent=2979073"}],"wp:term":[{"taxonomy":"category","embeddable":true,"href":"https:\/\/agpnoticias.com\/news\/index.php?rest_route=%2Fwp%2Fv2%2Fcategories&post=2979073"},{"taxonomy":"post_tag","embeddable":true,"href":"https:\/\/agpnoticias.com\/news\/index.php?rest_route=%2Fwp%2Fv2%2Ftags&post=2979073"}],"curies":[{"name":"wp","href":"https:\/\/api.w.org\/{rel}","templated":true}]}}