{"id":2979277,"date":"2024-12-22T15:26:00","date_gmt":"2024-12-22T23:26:00","guid":{"rendered":"https:\/\/agpnoticias.com\/news\/?p=2979277"},"modified":"2024-12-22T15:26:02","modified_gmt":"2024-12-22T23:26:02","slug":"el-madrid-goleo-al-sevilla-y-es-segundo-de-la-liga-con-un-juego-pendiente","status":"publish","type":"post","link":"https:\/\/agpnoticias.com\/news\/?p=2979277","title":{"rendered":"El Madrid gole\u00f3 al Sevilla y es segundo de La Liga, con un juego pendiente"},"content":{"rendered":"\n<p>Madrid, Espa\u00f1a.- Kylian Mbapp\u00e9 aument\u00f3 su racha goleadora con un soberbio tanto en la victoria del Real Madrid por 4-2 sobre el Sevilla en la liga espa\u00f1ola el domingo para terminar el a\u00f1o con una nota positiva despu\u00e9s de tocar lo que llam\u00f3 \u201cfondo\u201d a principios de diciembre.<\/p>\n\n\n\n<p>Mbapp\u00e9 remat\u00f3 con la derecha a la escuadra a los diez minutos de partido y marc\u00f3 su cuarto gol en otros tantos partidos con el Madrid en todas las competiciones. Fue el sexto tanto de Mbapp\u00e9 en sus \u00faltimos ocho partidos con el Madrid.<\/p>\n\n\n\n<p>Tuvo problemas al principio con su nuevo club, y Mbapp\u00e9 dijo que su punto m\u00e1s bajo lleg\u00f3 cuando fall\u00f3 un penal en la derrota del equipo por 2-1 en la liga ante el Athletic Bilbao el 4 de diciembre.<\/p>\n\n\n\n<p>\u201cS\u00e9 que tengo mucho m\u00e1s que dar\u201c, dijo Mbapp\u00e9 el domingo. \u201cEn los \u00faltimos partidos he jugado mejor, y me llev\u00e9 muchas cosas positivas del partido contra el Bilbao, cuando toqu\u00e9 fondo\u201c.<\/p>\n\n\n\n<p>La estrella francesa dijo que eso le hizo darse cuenta de que \u201ctengo que darlo todo por esta camiseta y jugar con personalidad\u201c.<\/p>\n\n\n\n<p>Mbapp\u00e9 dijo que siente que su per\u00edodo de adaptaci\u00f3n con el club finalmente ha terminado.<\/p>\n\n\n\n<p>\u201cCreo que ahora nos conocemos mejor\u201d, afirm\u00f3. \u201cMe he incorporado al equipo y eso ha cambiado muchas cosas. El periodo de adaptaci\u00f3n ha terminado, como dice el entrenador. Me siento muy a gusto en el equipo y juego mejor con los dem\u00e1s en el campo. El equipo est\u00e1 jugando mucho mejor\u201d.<\/p>\n\n\n\n<p>Federico Valverde, Rodrygo y Brahim D\u00edaz tambi\u00e9n marcaron en la c\u00f3moda victoria en casa que permiti\u00f3 al Madrid terminar el a\u00f1o a un punto del l\u00edder de la liga espa\u00f1ola, el Atl\u00e9tico de Madrid.<\/p>\n\n\n\n<figure class=\"wp-block-embed is-type-video is-provider-youtube wp-block-embed-youtube wp-embed-aspect-16-9 wp-has-aspect-ratio\"><div class=\"wp-block-embed__wrapper\">\n<iframe title=\"REAL MADRID 4 - 2 SEVILLA FC I RESUMEN LALIGA EA SPORTS\" width=\"640\" height=\"360\" src=\"https:\/\/www.youtube.com\/embed\/ezZfe_whR4M?feature=oembed\" frameborder=\"0\" allow=\"accelerometer; autoplay; clipboard-write; encrypted-media; gyroscope; picture-in-picture; web-share\" referrerpolicy=\"strict-origin-when-cross-origin\" allowfullscreen><\/iframe>\n<\/div><\/figure>\n\n\n\n<p>El Atl\u00e9tico remont\u00f3 para sorprender al Barcelona con un gol de Alexander Sorloth en el tiempo a\u00f1adido el s\u00e1bado por 2-1. El Barcelona, ??que ocupa el tercer puesto, est\u00e1 dos puntos por detr\u00e1s del Madrid, tras haber jugado un partido m\u00e1s.<\/p>\n\n\n\n<p>Valverde marc\u00f3 en el 20 y Rodrygo en el 34 antes de que el Sevilla marcara con Isaac Romero en el 35. D\u00edaz ampli\u00f3 la ventaja madridista en el 53 y Dodi Lukebakio hizo el otro tanto visitante en el 85 en el Estadio Santiago Bernab\u00e9u.<\/p>\n\n\n\n<p>\u201cFue un partido bien jugado, con muchas situaciones de gol, un buen final de a\u00f1o\u201d, dijo el entrenador del Madrid, Carlo Ancelotti. \u201cEso era lo que quer\u00edamos, estar cerca de los primeros puestos y descansar bien para 2025\u201d.<\/p>\n\n\n\n<p>El Madrid se enfrentar\u00e1 al Valencia el 3 de enero en un partido pospuesto debido a las inundaciones mortales que afectaron a Valencia en octubre.<\/p>\n\n\n\n<p>El Sevilla, situado en el puesto 14, hab\u00eda ganado dos de sus dos \u00faltimos partidos en todas las competiciones.<\/p>\n\n\n\n<p><em>Informaci\u00f3n: AP.<\/em><\/p>\n","protected":false},"excerpt":{"rendered":"<p>Madrid, Espa\u00f1a.- Kylian Mbapp\u00e9 aument\u00f3 su racha goleadora con un soberbio tanto en la victoria&#8230;<\/p>\n","protected":false},"author":1,"featured_media":2979278,"comment_status":"closed","ping_status":"closed","sticky":false,"template":"","format":"video","meta":{"footnotes":""},"categories":[32,1144,1151,1152],"tags":[],"class_list":["post-2979277","post","type-post","status-publish","format-video","has-post-thumbnail","hentry","category-soccer","category-futbol-internacional","category-portada","category-editor-seleccion","post_format-post-format-video"],"_links":{"self":[{"href":"https:\/\/agpnoticias.com\/news\/index.php?rest_route=\/wp\/v2\/posts\/2979277","targetHints":{"allow":["GET"]}}],"collection":[{"href":"https:\/\/agpnoticias.com\/news\/index.php?rest_route=\/wp\/v2\/posts"}],"about":[{"href":"https:\/\/agpnoticias.com\/news\/index.php?rest_route=\/wp\/v2\/types\/post"}],"author":[{"embeddable":true,"href":"https:\/\/agpnoticias.com\/news\/index.php?rest_route=\/wp\/v2\/users\/1"}],"replies":[{"embeddable":true,"href":"https:\/\/agpnoticias.com\/news\/index.php?rest_route=%2Fwp%2Fv2%2Fcomments&post=2979277"}],"version-history":[{"count":1,"href":"https:\/\/agpnoticias.com\/news\/index.php?rest_route=\/wp\/v2\/posts\/2979277\/revisions"}],"predecessor-version":[{"id":2979279,"href":"https:\/\/agpnoticias.com\/news\/index.php?rest_route=\/wp\/v2\/posts\/2979277\/revisions\/2979279"}],"wp:featuredmedia":[{"embeddable":true,"href":"https:\/\/agpnoticias.com\/news\/index.php?rest_route=\/wp\/v2\/media\/2979278"}],"wp:attachment":[{"href":"https:\/\/agpnoticias.com\/news\/index.php?rest_route=%2Fwp%2Fv2%2Fmedia&parent=2979277"}],"wp:term":[{"taxonomy":"category","embeddable":true,"href":"https:\/\/agpnoticias.com\/news\/index.php?rest_route=%2Fwp%2Fv2%2Fcategories&post=2979277"},{"taxonomy":"post_tag","embeddable":true,"href":"https:\/\/agpnoticias.com\/news\/index.php?rest_route=%2Fwp%2Fv2%2Ftags&post=2979277"}],"curies":[{"name":"wp","href":"https:\/\/api.w.org\/{rel}","templated":true}]}}