{"id":2979403,"date":"2025-01-01T16:26:49","date_gmt":"2025-01-02T00:26:49","guid":{"rendered":"https:\/\/agpnoticias.com\/news\/?p=2979403"},"modified":"2025-01-01T16:26:50","modified_gmt":"2025-01-02T00:26:50","slug":"visita-alcaldesa-a-primer-bebe-de-2025-en-ensenada","status":"publish","type":"post","link":"https:\/\/agpnoticias.com\/news\/?p=2979403","title":{"rendered":"Visita alcaldesa a primer beb\u00e9 de 2025 en Ensenada"},"content":{"rendered":"\n<p>Ensenada, Baja California.- La presidenta municipal Claudia Agat\u00f3n Mu\u00f1iz, visit\u00f3 el Hospital General de Ensenada para conocer al primer beb\u00e9 nacido en en este 2025 y a su mam\u00e1,a quienes les dese\u00f3 mucha salud, bienestar y amor.<\/p>\n\n\n\n<p>Acompa\u00f1ada de su hija Fernanda y de la titular del Registro Civil, Genesis Colmenares Vargas, la alcaldesa precis\u00f3 que el primer beb\u00e9 del a\u00f1o naci\u00f3 a las 04:42 horas, es masculino y lleva por nombre Sa\u00fal, y es hijo de Daniela, residente de la delegaci\u00f3n municipal de Maneadero.<\/p>\n\n\n\n<p>\u201cTuvimos la oportunidad de compartir un momento con Daniela y su beb\u00e9 Sa\u00fal, a quienes les entregamos en nombre de la comunidad unos obsequios. Sin duda, este 2025 estar\u00e1 llenos de \u00e9xitos para esta familia\u201d, manifest\u00f3.<\/p>\n\n\n\n<p>Claudia Agat\u00f3n aprovech\u00f3 la visita al Hospital General de Ensenada para reiterar que en este nuevo a\u00f1o, su gobierno impulsar\u00e1 acciones que traigan mayor bienestar para las y los ensenadenses, adem\u00e1s de que reforzar\u00e1 los trabajos del Registro Civil en los m\u00f3dulos que tiene en hospitales de la ciudad.<\/p>\n\n\n\n<p>Cabe se\u00f1alar que el peque\u00f1o Sa\u00fal, naci\u00f3 a las 04:42 horas, pes\u00f3 3.375 kilogramos y midi\u00f3 51 cent\u00edmetros.<\/p>\n\n\n\n<p><em>Entregan apoyos a beb\u00e9 nacido en IMSS<\/em><\/p>\n\n\n\n<p>La presidenta municipal Claudia Agat\u00f3n manifest\u00f3 que personal de DIF Ensenada acudi\u00f3 a entregar apoyos al primer beb\u00e9 nacido en la cl\u00ednica 8 del Instituto Mexicano del Segundo Social.<\/p>\n\n\n\n<p>Coment\u00f3 que tambi\u00e9n fue var\u00f3n y naci\u00f3 a las 9:02 horas con un peso de 3 kilos 340 gramos hijo de Alejandra<\/p>\n\n\n\n<p>Claudia Agat\u00f3n mencion\u00f3 que personal de DIF recorrieron los principales hospitales de ciudad como ISSSTECALI, ISSSTE, IMSS y Hospital IMSS Bienestar para llevar apoyos a los primeros beb\u00e9s del 2025.<\/p>\n","protected":false},"excerpt":{"rendered":"<p>Ensenada, Baja California.- La presidenta municipal Claudia Agat\u00f3n Mu\u00f1iz, visit\u00f3 el Hospital General de Ensenada&#8230;<\/p>\n","protected":false},"author":1,"featured_media":2979404,"comment_status":"closed","ping_status":"closed","sticky":false,"template":"","format":"standard","meta":{"footnotes":""},"categories":[1],"tags":[],"class_list":["post-2979403","post","type-post","status-publish","format-standard","has-post-thumbnail","hentry","category-uncategorized"],"_links":{"self":[{"href":"https:\/\/agpnoticias.com\/news\/index.php?rest_route=\/wp\/v2\/posts\/2979403","targetHints":{"allow":["GET"]}}],"collection":[{"href":"https:\/\/agpnoticias.com\/news\/index.php?rest_route=\/wp\/v2\/posts"}],"about":[{"href":"https:\/\/agpnoticias.com\/news\/index.php?rest_route=\/wp\/v2\/types\/post"}],"author":[{"embeddable":true,"href":"https:\/\/agpnoticias.com\/news\/index.php?rest_route=\/wp\/v2\/users\/1"}],"replies":[{"embeddable":true,"href":"https:\/\/agpnoticias.com\/news\/index.php?rest_route=%2Fwp%2Fv2%2Fcomments&post=2979403"}],"version-history":[{"count":1,"href":"https:\/\/agpnoticias.com\/news\/index.php?rest_route=\/wp\/v2\/posts\/2979403\/revisions"}],"predecessor-version":[{"id":2979405,"href":"https:\/\/agpnoticias.com\/news\/index.php?rest_route=\/wp\/v2\/posts\/2979403\/revisions\/2979405"}],"wp:featuredmedia":[{"embeddable":true,"href":"https:\/\/agpnoticias.com\/news\/index.php?rest_route=\/wp\/v2\/media\/2979404"}],"wp:attachment":[{"href":"https:\/\/agpnoticias.com\/news\/index.php?rest_route=%2Fwp%2Fv2%2Fmedia&parent=2979403"}],"wp:term":[{"taxonomy":"category","embeddable":true,"href":"https:\/\/agpnoticias.com\/news\/index.php?rest_route=%2Fwp%2Fv2%2Fcategories&post=2979403"},{"taxonomy":"post_tag","embeddable":true,"href":"https:\/\/agpnoticias.com\/news\/index.php?rest_route=%2Fwp%2Fv2%2Ftags&post=2979403"}],"curies":[{"name":"wp","href":"https:\/\/api.w.org\/{rel}","templated":true}]}}