{"id":2979781,"date":"2025-01-20T10:46:33","date_gmt":"2025-01-20T18:46:33","guid":{"rendered":"https:\/\/agpnoticias.com\/news\/?p=2979781"},"modified":"2025-01-20T15:56:32","modified_gmt":"2025-01-20T23:56:32","slug":"esto-debes-saber-del-gran-carnaval-de-ensenada-2024","status":"publish","type":"post","link":"https:\/\/agpnoticias.com\/news\/?p=2979781","title":{"rendered":"Esto debes saber del Gran Carnaval de Ensenada 2025"},"content":{"rendered":"\n<p><strong>Ensenada, Baja California<\/strong> \u2013 Autoridades municipales encabezadas por la alcaldesa Claudia Agat\u00f3n presentaron los detalles del Gran Carnaval de Ensenada 2025, el cual se llevar\u00e1 a cabo del 27 de febrero al 4 de marzo sobre el Boulevard Costero.<\/p>\n\n\n\n<p>La zona principal de festejos estar\u00e1 ubicada en la explanada de Playa Hermosa, donde se instalar\u00e1 el escenario principal. La alcaldesa destac\u00f3 que se habilitar\u00e1n cuatro accesos para los asistentes, con el objetivo de garantizar la seguridad y mantener un ambiente tranquilo durante las celebraciones.<\/p>\n\n\n\n<figure class=\"wp-block-image size-large\"><img fetchpriority=\"high\" decoding=\"async\" width=\"810\" height=\"800\" src=\"https:\/\/agpnoticias.com\/news\/wp-content\/uploads\/2025\/01\/IMG_6980-810x800.jpeg\" alt=\"\" class=\"wp-image-2979784\"\/><\/figure>\n\n\n\n<p>Entre las actividades alternas, Agat\u00f3n mencion\u00f3 el tradicional Baile Blanco y Negro, que se llevar\u00e1 a cabo el s\u00e1bado 22 de febrero en el Centro Cultural Riviera, as\u00ed como la quema del mal humor, programada para el jueves 27 de febrero en el escenario principal. La coronaci\u00f3n de la corte real tendr\u00e1 lugar el viernes 28 de febrero.<\/p>\n\n\n\n<figure class=\"wp-block-image size-full\"><img decoding=\"async\" width=\"1200\" height=\"800\" src=\"https:\/\/agpnoticias.com\/news\/wp-content\/uploads\/2025\/01\/IMG_6981.jpeg\" alt=\"\" class=\"wp-image-2979783\" srcset=\"https:\/\/agpnoticias.com\/news\/wp-content\/uploads\/2025\/01\/IMG_6981.jpeg 1200w, https:\/\/agpnoticias.com\/news\/wp-content\/uploads\/2025\/01\/IMG_6981-1024x683.jpeg 1024w\" sizes=\"(max-width: 1200px) 100vw, 1200px\" \/><\/figure>\n\n\n\n<p><strong>Desfiles y espect\u00e1culos<\/strong><\/p>\n\n\n\n<p>Los desfiles del Carnaval est\u00e1n programados de la siguiente manera:<\/p>\n\n\n\n<p>\u2022 <strong>S\u00e1bado 2 de marzo:<\/strong> A las 5:30 p.m., con salida de la calle Plinta hasta la avenida Macheros, recorriendo el Boulevard Costero.<\/p>\n\n\n\n<p>\u2022 <strong>Domingo 3 de marzo:<\/strong> Habr\u00e1 dos desfiles: el primero a las 12:00 p.m., desde la calle Macheros hasta la calle Plinta; y el segundo a las 5:30 p.m., con recorrido inverso, desde la calle Plinta hasta Macheros.<\/p>\n\n\n\n<p>\u2022 <strong>Martes 4 de marzo:<\/strong> El \u00faltimo desfile ser\u00e1 a las 2:00 p.m., con salida de la calle Plinta hacia la avenida Macheros.<\/p>\n\n\n\n<p><strong>Elecci\u00f3n de la corte real y premiaciones<\/strong><\/p>\n\n\n\n<p>Los c\u00f3mputos para elegir a los reyes del Carnaval 2024 se realizar\u00e1n el 1 y 15 de febrero para la corte de adultos, mientras que la corte infantil ser\u00e1 seleccionada el 16 de febrero.<\/p>\n\n\n\n<p>Por otra parte, la premiaci\u00f3n de las comparsas y carros aleg\u00f3ricos est\u00e1 programada para el martes 4 de marzo en el Centro Cultural Riviera de Ensenada.<\/p>\n\n\n\n<p><strong>Conciertos y artistas<\/strong><\/p>\n\n\n\n<p>La edici\u00f3n 2024 contar\u00e1 con cuatro conciertos con artistas de renombre, Los \u00c1ngeles Azules el jueves 27 de febrero, Banda El Recodo el viernes 28 de febrero, Matute el s\u00e1bado 1 de marzo y Paquita la del Barrio el domingo 2 de marzo. <\/p>\n\n\n\n<p><\/p>\n","protected":false},"excerpt":{"rendered":"<p>Ensenada, Baja California \u2013 Autoridades municipales encabezadas por la alcaldesa Claudia Agat\u00f3n presentaron los detalles&#8230;<\/p>\n","protected":false},"author":1,"featured_media":2979782,"comment_status":"closed","ping_status":"closed","sticky":false,"template":"","format":"standard","meta":{"footnotes":""},"categories":[405],"tags":[],"class_list":["post-2979781","post","type-post","status-publish","format-standard","has-post-thumbnail","hentry","category-sin-categoria-es"],"_links":{"self":[{"href":"https:\/\/agpnoticias.com\/news\/index.php?rest_route=\/wp\/v2\/posts\/2979781","targetHints":{"allow":["GET"]}}],"collection":[{"href":"https:\/\/agpnoticias.com\/news\/index.php?rest_route=\/wp\/v2\/posts"}],"about":[{"href":"https:\/\/agpnoticias.com\/news\/index.php?rest_route=\/wp\/v2\/types\/post"}],"author":[{"embeddable":true,"href":"https:\/\/agpnoticias.com\/news\/index.php?rest_route=\/wp\/v2\/users\/1"}],"replies":[{"embeddable":true,"href":"https:\/\/agpnoticias.com\/news\/index.php?rest_route=%2Fwp%2Fv2%2Fcomments&post=2979781"}],"version-history":[{"count":4,"href":"https:\/\/agpnoticias.com\/news\/index.php?rest_route=\/wp\/v2\/posts\/2979781\/revisions"}],"predecessor-version":[{"id":2979800,"href":"https:\/\/agpnoticias.com\/news\/index.php?rest_route=\/wp\/v2\/posts\/2979781\/revisions\/2979800"}],"wp:featuredmedia":[{"embeddable":true,"href":"https:\/\/agpnoticias.com\/news\/index.php?rest_route=\/wp\/v2\/media\/2979782"}],"wp:attachment":[{"href":"https:\/\/agpnoticias.com\/news\/index.php?rest_route=%2Fwp%2Fv2%2Fmedia&parent=2979781"}],"wp:term":[{"taxonomy":"category","embeddable":true,"href":"https:\/\/agpnoticias.com\/news\/index.php?rest_route=%2Fwp%2Fv2%2Fcategories&post=2979781"},{"taxonomy":"post_tag","embeddable":true,"href":"https:\/\/agpnoticias.com\/news\/index.php?rest_route=%2Fwp%2Fv2%2Ftags&post=2979781"}],"curies":[{"name":"wp","href":"https:\/\/api.w.org\/{rel}","templated":true}]}}