{"id":2979789,"date":"2025-01-20T11:36:20","date_gmt":"2025-01-20T19:36:20","guid":{"rendered":"https:\/\/agpnoticias.com\/news\/?p=2979789"},"modified":"2025-01-20T11:36:22","modified_gmt":"2025-01-20T19:36:22","slug":"alertan-las-autoridades-habra-vientos-santa-ana-de-nuevo-en-ensenada","status":"publish","type":"post","link":"https:\/\/agpnoticias.com\/news\/?p=2979789","title":{"rendered":"Alertan las autoridades: habr\u00e1 vientos Santa Ana de nuevo en Ensenada"},"content":{"rendered":"\n<p>Ensenada, Baja California.- El titular de la Coordinaci\u00f3n Municipal de Protecci\u00f3n Civil, Julio C\u00e9sar Obreg\u00f3n Angulo inform\u00f3 que con base en las proyecciones meteorol\u00f3gicas, se prev\u00e9 que hoy por la noche se intensifiquen los vientos con rachas de alrededor de 60 kil\u00f3metros por hora en la zona costa.<\/p>\n\n\n\n<p>Se\u00f1al\u00f3 que, en las zonas monta\u00f1osas las rachas podr\u00edan alcanzar 75 kil\u00f3metros por hora, lo que aunado a la baja humedad relativa, incrementar\u00e1 considerablemente el riesgo de incendios en \u00e1reas de interfaz y agrestes.<\/p>\n\n\n\n<p>Adem\u00e1s de los vientos, resalt\u00f3 que continuar\u00e1 el clima fr\u00edo con m\u00e1ximas de entre 22 y 15 grados Celsius, y m\u00ednimas de 11 a 5 grados Celsius, con alta probabilidad de lluvias para los d\u00edas s\u00e1bado y domingo.<\/p>\n\n\n\n<p>Mencion\u00f3 que, en la Sierra de San Pedro M\u00e1rtir se esperan m\u00e1ximas de 14 a 4 grados, m\u00ednimas de 2 a -4 grados Celsius; y, en la Sierra de Ju\u00e1rez, m\u00e1ximas de 12 a 2 grados y m\u00ednimas de 1 a -6 grados Celsius. Aunado, a la posibilidad de heladas \u2013por la noche- con m\u00ednimas de -15 a -10 grados Celsius.<\/p>\n\n\n\n<p>\u201cLas condiciones meteorol\u00f3gicas que prevalecer\u00e1n en la regi\u00f3n incrementar\u00e1n el riesgo de incendios, debido a los vientos y a la baja humedad relativa. Por lo que, exhortamos a la poblaci\u00f3n a sumarse a la prevenci\u00f3n de incendios en zonas de interfaz y rurales\u201d, apunt\u00f3.<\/p>\n\n\n\n<p>Julio Obreg\u00f3n reiter\u00f3 el exhorto a extremar precauciones con la ni\u00f1ez, personas adultas mayores y pacientes inmunodeprimidos, pues tanto los vientos de Santa Ana como las bajas temperaturas incrementan el riesgo a desarrollar infecciones respiratorias y\/o enfermedades diarreicas agudas.<\/p>\n\n\n\n<p>Finalmente, inst\u00f3 a la comunidad a permanecer atenta de los reportes oficiales que se generen en las pr\u00f3ximas horas, y a reportar de manera inmediata cualquier conato de incendio a la l\u00ednea de emergencia 9-1-1.<\/p>\n\n\n\n<p><em>Recomendaciones generales ante vientos fuertes<\/em><\/p>\n\n\n\n<ul class=\"wp-block-list\">\n<li>Evita actividades al aire libre.<\/li>\n\n\n\n<li>Cubre las v\u00edas respiratorias antes de salir a espacios abiertos.<\/li>\n\n\n\n<li>Prot\u00e9gete de los cambios bruscos de temperatura.<\/li>\n\n\n\n<li>Aseg\u00farate de mantener fuera del alcance de los ni\u00f1os objetos inflamables como cerillos, fuegos artificiales o encendedores.<\/li>\n\n\n\n<li>No quemes basura ni pastizales.<\/li>\n\n\n\n<li>No enciendas fogatas ni tires colillas de cigarros.<\/li>\n\n\n\n<li>Mantente lejos de anuncios espectaculares u objetos grandes como postes, \u00e1rboles o palmeras.<\/li>\n\n\n\n<li>Vigila el cableado, los tendidos el\u00e9ctricos y telef\u00f3nicos, ya que pueden caerse debido a la fuerza del viento.<\/li>\n\n\n\n<li>Reduce la velocidad al manejar y hazlo con precauci\u00f3n en caso de presencia de humo o polvo.<\/li>\n\n\n\n<li>Si ves un incendio da aviso inmediatamente al 911.<\/li>\n<\/ul>\n\n\n\n<p><em>Recomendaciones ante clima fr\u00edo<\/em><\/p>\n\n\n\n<ul class=\"wp-block-list\">\n<li>Abr\u00edgate bien y utiliza vestimenta t\u00e9rmica adecuada.<\/li>\n\n\n\n<li>Evita cambios bruscos de temperatura y corrientes de aire helado.<\/li>\n\n\n\n<li>Protege nariz y boca del aire helado.<\/li>\n\n\n\n<li>Consume alimentos ricos en vitaminas C y D.<\/li>\n\n\n\n<li>Ingiere abundantes l\u00edquidos.<\/li>\n\n\n\n<li>Utiliza cubreboca, mant\u00e9n la sana distancia y lava constantemente tus manos.<\/li>\n\n\n\n<li>En caso de s\u00edntomas de enfermedad respiratoria acude al m\u00e9dico.<\/li>\n\n\n\n<li>No te automediques.<\/li>\n\n\n\n<li>En la medida de lo posible permanece en casa.<\/li>\n<\/ul>\n","protected":false},"excerpt":{"rendered":"<p>Ensenada, Baja California.- El titular de la Coordinaci\u00f3n Municipal de Protecci\u00f3n Civil, Julio C\u00e9sar Obreg\u00f3n&#8230;<\/p>\n","protected":false},"author":1,"featured_media":2979790,"comment_status":"closed","ping_status":"closed","sticky":false,"template":"","format":"standard","meta":{"footnotes":""},"categories":[405],"tags":[],"class_list":["post-2979789","post","type-post","status-publish","format-standard","has-post-thumbnail","hentry","category-sin-categoria-es"],"_links":{"self":[{"href":"https:\/\/agpnoticias.com\/news\/index.php?rest_route=\/wp\/v2\/posts\/2979789","targetHints":{"allow":["GET"]}}],"collection":[{"href":"https:\/\/agpnoticias.com\/news\/index.php?rest_route=\/wp\/v2\/posts"}],"about":[{"href":"https:\/\/agpnoticias.com\/news\/index.php?rest_route=\/wp\/v2\/types\/post"}],"author":[{"embeddable":true,"href":"https:\/\/agpnoticias.com\/news\/index.php?rest_route=\/wp\/v2\/users\/1"}],"replies":[{"embeddable":true,"href":"https:\/\/agpnoticias.com\/news\/index.php?rest_route=%2Fwp%2Fv2%2Fcomments&post=2979789"}],"version-history":[{"count":1,"href":"https:\/\/agpnoticias.com\/news\/index.php?rest_route=\/wp\/v2\/posts\/2979789\/revisions"}],"predecessor-version":[{"id":2979791,"href":"https:\/\/agpnoticias.com\/news\/index.php?rest_route=\/wp\/v2\/posts\/2979789\/revisions\/2979791"}],"wp:featuredmedia":[{"embeddable":true,"href":"https:\/\/agpnoticias.com\/news\/index.php?rest_route=\/wp\/v2\/media\/2979790"}],"wp:attachment":[{"href":"https:\/\/agpnoticias.com\/news\/index.php?rest_route=%2Fwp%2Fv2%2Fmedia&parent=2979789"}],"wp:term":[{"taxonomy":"category","embeddable":true,"href":"https:\/\/agpnoticias.com\/news\/index.php?rest_route=%2Fwp%2Fv2%2Fcategories&post=2979789"},{"taxonomy":"post_tag","embeddable":true,"href":"https:\/\/agpnoticias.com\/news\/index.php?rest_route=%2Fwp%2Fv2%2Ftags&post=2979789"}],"curies":[{"name":"wp","href":"https:\/\/api.w.org\/{rel}","templated":true}]}}