{"id":2979856,"date":"2025-01-22T19:08:59","date_gmt":"2025-01-23T03:08:59","guid":{"rendered":"https:\/\/agpnoticias.com\/news\/?p=2979856"},"modified":"2025-01-22T19:09:00","modified_gmt":"2025-01-23T03:09:00","slug":"dos-de-santi-gimenez-en-la-goleada-al-bayern-y-el-feyenoord-clasifica-en-champions-league","status":"publish","type":"post","link":"https:\/\/agpnoticias.com\/news\/?p=2979856","title":{"rendered":"Dos de Santi Gim\u00e9nez en la goleada al Bayern y el Feyenoord clasifica en Champions League"},"content":{"rendered":"\n<p>Rotterdam, Pa\u00edses Bajos.- El Feyenoord se asegur\u00f3 el mi\u00e9rcoles de forma fant\u00e1stica una plaza en los octavos de final de la Liga de Campeones. En una noche sensacional, el equipo de la Eridivisie logr\u00f3 la victoria por 3-0 sobre el Bayern de M\u00fanich.<\/p>\n\n\n\n<p>El mexicano Santiago Gim\u00e9nez hizo dos goles. Primero, el mexicano recibi\u00f3 un hermoso pase cruzado de Gijs Smal de tal manera que se lanz\u00f3 y de inmediato pudo dar en el blanco. En el tiempo de descuento de la primera parte, cobr\u00f3 un penalti despu\u00e9s de que Calvin Stengs fuera derribado tras un r\u00e1pido contragolpe.<\/p>\n\n\n\n<figure class=\"wp-block-gallery has-nested-images columns-default is-cropped wp-block-gallery-1 is-layout-flex wp-block-gallery-is-layout-flex\">\n<figure class=\"wp-block-image size-large\"><img fetchpriority=\"high\" decoding=\"async\" width=\"810\" height=\"800\" data-id=\"2979859\" src=\"https:\/\/agpnoticias.com\/news\/wp-content\/uploads\/2025\/01\/Santi2-810x800.jpeg\" alt=\"\" class=\"wp-image-2979859\"\/><\/figure>\n\n\n\n<figure class=\"wp-block-image size-large\"><img decoding=\"async\" width=\"810\" height=\"799\" data-id=\"2979858\" src=\"https:\/\/agpnoticias.com\/news\/wp-content\/uploads\/2025\/01\/Santi1-810x799.jpeg\" alt=\"\" class=\"wp-image-2979858\"\/><\/figure>\n\n\n\n<figure class=\"wp-block-image size-large\"><img decoding=\"async\" width=\"810\" height=\"800\" data-id=\"2979857\" src=\"https:\/\/agpnoticias.com\/news\/wp-content\/uploads\/2025\/01\/Santi-810x800.jpeg\" alt=\"\" class=\"wp-image-2979857\"\/><\/figure>\n<\/figure>\n\n\n\n<p>La ventaja contra la superpotencia alemana se defendi\u00f3 con u\u00f1as y dientes y, por lo dem\u00e1s, siempre estuvo Justin Bijlow. El jugador de Rotterdam no pudo pasar desapercibido en su 27 cumplea\u00f1os y, por lo tanto, estuvo cada vez m\u00e1s cerca de una victoria sensacional.<\/p>\n\n\n\n<p>Toda la tensi\u00f3n lleg\u00f3 a su fin justo antes del final con un breve estallido en Rotterdam. El suplente Ayase Ueda utiliz\u00f3 con fuerza su cuerpo y anot\u00f3 el 3-0 contra las cuerdas, con lo que empez\u00f3 realmente la fiesta en las gradas.<\/p>\n\n\n\n<figure class=\"wp-block-embed is-type-video is-provider-youtube wp-block-embed-youtube wp-embed-aspect-16-9 wp-has-aspect-ratio\"><div class=\"wp-block-embed__wrapper\">\n<iframe title=\"RESUMEN: FEYENOORD 3-0 BAYERN M\u00dcNICH | CHAMPIONS LEAGUE | JORNADA 7 | CALIENTE TV ?\" width=\"640\" height=\"360\" src=\"https:\/\/www.youtube.com\/embed\/aCNwyxJaU90?feature=oembed\" frameborder=\"0\" allow=\"accelerometer; autoplay; clipboard-write; encrypted-media; gyroscope; picture-in-picture; web-share\" referrerpolicy=\"strict-origin-when-cross-origin\" allowfullscreen><\/iframe>\n<\/div><\/figure>\n\n\n\n<p>Gracias a la victoria por 3-0 sobre el Bayern, el Feyenoord suma trece puntos en siete partidos, lo que le asegura al menos la ronda de play-off de la fase eliminatoria. Incluso es posible conseguir un puesto entre los ocho primeros, en cuyo caso el billete para los octavos de final es un hecho. <\/p>\n\n\n\n<p>El pr\u00f3ximo mi\u00e9rcoles aguarda la octava y \u00faltima jornada de partidos, en la que el Feyenoord visitar\u00e1 al LOSC Lille.<\/p>\n\n\n\n<p><em>Informaci\u00f3n: Feyenoord.<\/em><\/p>\n","protected":false},"excerpt":{"rendered":"<p>Rotterdam, Pa\u00edses Bajos.- El Feyenoord se asegur\u00f3 el mi\u00e9rcoles de forma fant\u00e1stica una plaza en&#8230;<\/p>\n","protected":false},"author":1,"featured_media":2979860,"comment_status":"closed","ping_status":"closed","sticky":false,"template":"","format":"video","meta":{"footnotes":""},"categories":[1153,32,1151,1152],"tags":[],"class_list":["post-2979856","post","type-post","status-publish","format-video","has-post-thumbnail","hentry","category-uefa-champions-league","category-soccer","category-portada","category-editor-seleccion","post_format-post-format-video"],"_links":{"self":[{"href":"https:\/\/agpnoticias.com\/news\/index.php?rest_route=\/wp\/v2\/posts\/2979856","targetHints":{"allow":["GET"]}}],"collection":[{"href":"https:\/\/agpnoticias.com\/news\/index.php?rest_route=\/wp\/v2\/posts"}],"about":[{"href":"https:\/\/agpnoticias.com\/news\/index.php?rest_route=\/wp\/v2\/types\/post"}],"author":[{"embeddable":true,"href":"https:\/\/agpnoticias.com\/news\/index.php?rest_route=\/wp\/v2\/users\/1"}],"replies":[{"embeddable":true,"href":"https:\/\/agpnoticias.com\/news\/index.php?rest_route=%2Fwp%2Fv2%2Fcomments&post=2979856"}],"version-history":[{"count":1,"href":"https:\/\/agpnoticias.com\/news\/index.php?rest_route=\/wp\/v2\/posts\/2979856\/revisions"}],"predecessor-version":[{"id":2979861,"href":"https:\/\/agpnoticias.com\/news\/index.php?rest_route=\/wp\/v2\/posts\/2979856\/revisions\/2979861"}],"wp:featuredmedia":[{"embeddable":true,"href":"https:\/\/agpnoticias.com\/news\/index.php?rest_route=\/wp\/v2\/media\/2979860"}],"wp:attachment":[{"href":"https:\/\/agpnoticias.com\/news\/index.php?rest_route=%2Fwp%2Fv2%2Fmedia&parent=2979856"}],"wp:term":[{"taxonomy":"category","embeddable":true,"href":"https:\/\/agpnoticias.com\/news\/index.php?rest_route=%2Fwp%2Fv2%2Fcategories&post=2979856"},{"taxonomy":"post_tag","embeddable":true,"href":"https:\/\/agpnoticias.com\/news\/index.php?rest_route=%2Fwp%2Fv2%2Ftags&post=2979856"}],"curies":[{"name":"wp","href":"https:\/\/api.w.org\/{rel}","templated":true}]}}