{"id":2980473,"date":"2025-02-13T11:26:17","date_gmt":"2025-02-13T19:26:17","guid":{"rendered":"https:\/\/agpnoticias.com\/news\/?p=2980473"},"modified":"2025-02-13T11:26:18","modified_gmt":"2025-02-13T19:26:18","slug":"dylan-cease-apunta-a-quedarse-con-los-padres-por-el-momento","status":"publish","type":"post","link":"https:\/\/agpnoticias.com\/news\/?p=2980473","title":{"rendered":"Dylan Cease apunta a quedarse con los Padres&#8230; por el momento"},"content":{"rendered":"\n<p>San Diego, California.- Durante toda la temporada baja han circulado rumores de que los Padres podr\u00edan canjear a Dylan Cease, ya que el lanzador derecho de 29 a\u00f1os est\u00e1 entrando en el \u00faltimo a\u00f1o de su contrato. Sin embargo, parece que Cease se quedar\u00e1 por ahora.<\/p>\n\n\n\n<p>Aunque los Padres llegaron a un\u00a0acuerdo de cuatro a\u00f1os y 55 millones de d\u00f3lares\u00a0con el veterano lanzador derecho Nick Pivetta el mi\u00e9rcoles (seg\u00fan las fuentes), Dennis Lin de The Athletic informa que est\u00e1n \u00abinclinados\u00bb a quedarse con Cease. <\/p>\n\n\n\n<p>La firma del zurdo Kyle Hart, quien gan\u00f3 el premio Choi Dong-won (el equivalente de la KBO al premio Cy Young de la MLB) mientras lanzaba en Corea la temporada pasada, con un\u00a0contrato de un a\u00f1o\u00a0el jueves tampoco parece cambiar los planes de San Diego para Cease.<\/p>\n\n\n\n<p>\u00abCease es una parte muy importante de nuestro club\u00bb, dijo\u00a0el gerente general AJ Preller\u00a0despu\u00e9s de la contrataci\u00f3n de Hart. \u00abLas incorporaciones de los \u00faltimos d\u00edas complementan una rotaci\u00f3n realmente buena. Ese es nuestro objetivo de cara al futuro: tener una rotaci\u00f3n s\u00f3lida\u00bb.<\/p>\n\n\n\n<p>Aunque Cease podr\u00eda quedarse, Lin se\u00f1ala que canjear al cerrador Robert Su\u00e1rez sigue siendo \u201cuna posibilidad decente\u201d mientras los Padres siguen explorando formas de recortar su n\u00f3mina. A Su\u00e1rez se le deben 10 millones de d\u00f3lares en 2025 y puede optar por no renovar los \u00faltimos dos a\u00f1os (por un valor combinado de 16 millones de d\u00f3lares) de su contrato al final de la temporada.<\/p>\n\n\n\n<p><em>Informaci\u00f3n: MLB.<\/em><\/p>\n","protected":false},"excerpt":{"rendered":"<p>San Diego, California.- Durante toda la temporada baja han circulado rumores de que los Padres&#8230;<\/p>\n","protected":false},"author":1,"featured_media":2980474,"comment_status":"closed","ping_status":"closed","sticky":false,"template":"","format":"standard","meta":{"footnotes":""},"categories":[30,1142,1151],"tags":[907],"class_list":["post-2980473","post","type-post","status-publish","format-standard","has-post-thumbnail","hentry","category-beisbol","category-grandes-ligas","category-portada","tag-tendencia"],"_links":{"self":[{"href":"https:\/\/agpnoticias.com\/news\/index.php?rest_route=\/wp\/v2\/posts\/2980473","targetHints":{"allow":["GET"]}}],"collection":[{"href":"https:\/\/agpnoticias.com\/news\/index.php?rest_route=\/wp\/v2\/posts"}],"about":[{"href":"https:\/\/agpnoticias.com\/news\/index.php?rest_route=\/wp\/v2\/types\/post"}],"author":[{"embeddable":true,"href":"https:\/\/agpnoticias.com\/news\/index.php?rest_route=\/wp\/v2\/users\/1"}],"replies":[{"embeddable":true,"href":"https:\/\/agpnoticias.com\/news\/index.php?rest_route=%2Fwp%2Fv2%2Fcomments&post=2980473"}],"version-history":[{"count":1,"href":"https:\/\/agpnoticias.com\/news\/index.php?rest_route=\/wp\/v2\/posts\/2980473\/revisions"}],"predecessor-version":[{"id":2980475,"href":"https:\/\/agpnoticias.com\/news\/index.php?rest_route=\/wp\/v2\/posts\/2980473\/revisions\/2980475"}],"wp:featuredmedia":[{"embeddable":true,"href":"https:\/\/agpnoticias.com\/news\/index.php?rest_route=\/wp\/v2\/media\/2980474"}],"wp:attachment":[{"href":"https:\/\/agpnoticias.com\/news\/index.php?rest_route=%2Fwp%2Fv2%2Fmedia&parent=2980473"}],"wp:term":[{"taxonomy":"category","embeddable":true,"href":"https:\/\/agpnoticias.com\/news\/index.php?rest_route=%2Fwp%2Fv2%2Fcategories&post=2980473"},{"taxonomy":"post_tag","embeddable":true,"href":"https:\/\/agpnoticias.com\/news\/index.php?rest_route=%2Fwp%2Fv2%2Ftags&post=2980473"}],"curies":[{"name":"wp","href":"https:\/\/api.w.org\/{rel}","templated":true}]}}