{"id":2980628,"date":"2025-02-19T21:41:17","date_gmt":"2025-02-20T05:41:17","guid":{"rendered":"https:\/\/agpnoticias.com\/news\/?p=2980628"},"modified":"2025-02-19T21:41:18","modified_gmt":"2025-02-20T05:41:18","slug":"este-es-el-programa-completo-del-gran-carnaval-de-ensenada-2025","status":"publish","type":"post","link":"https:\/\/agpnoticias.com\/news\/?p=2980628","title":{"rendered":"Este es el programa completo del Gran Carnaval de Ensenada 2025"},"content":{"rendered":"\n<p>Ensenada, Baja California.- Tras el lamentable fallecimiento de Paquita la del Barrio, quien estaba programada para presentarse el domingo 2 de marzo, la reconocida cantante Ana B\u00e1rbara tomar\u00e1 su lugar en el escenario principal de Playa Hermosa durante las fiestas del Gran Carnaval de Ensenada 2025.<\/p>\n\n\n\n<figure class=\"wp-block-image size-full\"><img fetchpriority=\"high\" decoding=\"async\" width=\"960\" height=\"1200\" src=\"https:\/\/agpnoticias.com\/news\/wp-content\/uploads\/2025\/02\/IMG_9275.jpeg\" alt=\"\" class=\"wp-image-2980629\"\/><\/figure>\n\n\n\n<p>El anuncio fue realizado por la alcaldesa Claudia Agat\u00f3n en una conferencia de prensa donde tambi\u00e9n estuvieron presentes la Corte Real, encabezada por Luna Valeria Romero, Reina del Carnaval; Jorge Bejarano, director operativo del evento; Leonardo S\u00e1nchez de Grupo Calimax; y el anfitri\u00f3n Francisco Rodr\u00edguez de Grupo Papas and Beer.<\/p>\n\n\n\n<figure class=\"wp-block-image size-large\"><img decoding=\"async\" width=\"810\" height=\"637\" src=\"https:\/\/agpnoticias.com\/news\/wp-content\/uploads\/2025\/02\/2c018881-9191-4214-8e34-0d6133e4dac5-810x637.jpeg\" alt=\"\" class=\"wp-image-2980630\"\/><\/figure>\n\n\n\n<p>El Carnaval de Ensenada 2025, que se celebrar\u00e1 del jueves 27 de febrero al martes 4 de marzo, contar\u00e1 con la participaci\u00f3n de grandes exponentes de la m\u00fasica en espa\u00f1ol.<\/p>\n\n\n\n<p>Jueves 27 de febrero<br>\u2022 8:00 p.m. | Quema del Mal Humor<br>\u2022 9:00 p.m. | TJ5<br>\u2022 11:00 p.m. | Los \u00c1ngeles Azules<\/p>\n\n\n\n<p>Viernes 28 de febrero<br>\u2022 8:00 p.m. | Coronaci\u00f3n de la Corte Real<br>\u2022 9:30 p.m. | Omar C\u00e1rdenas<br>\u2022 11:00 p.m. | Banda El Recodo<\/p>\n\n\n\n<p>S\u00e1bado 1 de marzo<br>\u2022 5:30 p.m. | Primer desfile de luces sobre el Bulevar Costero<br>\u2022 11:00 p.m. | Matute<\/p>\n\n\n\n<p>Domingo 2 de marzo<br>\u2022 12:00 p.m. | Primer desfile del d\u00eda<br>\u2022 5:30 p.m. | Segundo desfile del d\u00eda<br>\u2022 9:00 p.m. | Hit Band<\/p>\n\n\n\n<p>Lunes 3 de marzo (D\u00eda del Marido Oprimido)<br>\u2022 10:00 p.m. | Takon Machine<\/p>\n\n\n\n<p>Martes 4 de marzo<br>\u2022 2:00 p.m. | Cuarto y \u00faltimo desfile<br>\u2022 7:00 p.m. | Concurso y premiaci\u00f3n de carros aleg\u00f3ricos y comparsas (Centro Cultural Riviera)<br>\u2022 11:00 p.m. | Ana B\u00e1rbara<\/p>\n\n\n\n<p>Con m\u00e1s de 100 a\u00f1os de historia, el Carnaval de Ensenada se ha consolidado como uno de los m\u00e1s importantes del noroeste del pa\u00eds, atrayendo miles de visitantes cada a\u00f1o.<\/p>\n\n\n\n<p>La alcaldesa Claudia Agat\u00f3n reafirm\u00f3 su compromiso con la celebraci\u00f3n, destacando que este a\u00f1o se han fortalecido las medidas de seguridad y log\u00edstica para garantizar una experiencia inolvidable para todas las familias.<\/p>\n","protected":false},"excerpt":{"rendered":"<p>Ensenada, Baja California.- Tras el lamentable fallecimiento de Paquita la del Barrio, quien estaba programada&#8230;<\/p>\n","protected":false},"author":1,"featured_media":2980631,"comment_status":"closed","ping_status":"closed","sticky":false,"template":"","format":"standard","meta":{"footnotes":""},"categories":[1],"tags":[],"class_list":["post-2980628","post","type-post","status-publish","format-standard","has-post-thumbnail","hentry","category-uncategorized"],"_links":{"self":[{"href":"https:\/\/agpnoticias.com\/news\/index.php?rest_route=\/wp\/v2\/posts\/2980628","targetHints":{"allow":["GET"]}}],"collection":[{"href":"https:\/\/agpnoticias.com\/news\/index.php?rest_route=\/wp\/v2\/posts"}],"about":[{"href":"https:\/\/agpnoticias.com\/news\/index.php?rest_route=\/wp\/v2\/types\/post"}],"author":[{"embeddable":true,"href":"https:\/\/agpnoticias.com\/news\/index.php?rest_route=\/wp\/v2\/users\/1"}],"replies":[{"embeddable":true,"href":"https:\/\/agpnoticias.com\/news\/index.php?rest_route=%2Fwp%2Fv2%2Fcomments&post=2980628"}],"version-history":[{"count":1,"href":"https:\/\/agpnoticias.com\/news\/index.php?rest_route=\/wp\/v2\/posts\/2980628\/revisions"}],"predecessor-version":[{"id":2980633,"href":"https:\/\/agpnoticias.com\/news\/index.php?rest_route=\/wp\/v2\/posts\/2980628\/revisions\/2980633"}],"wp:featuredmedia":[{"embeddable":true,"href":"https:\/\/agpnoticias.com\/news\/index.php?rest_route=\/wp\/v2\/media\/2980631"}],"wp:attachment":[{"href":"https:\/\/agpnoticias.com\/news\/index.php?rest_route=%2Fwp%2Fv2%2Fmedia&parent=2980628"}],"wp:term":[{"taxonomy":"category","embeddable":true,"href":"https:\/\/agpnoticias.com\/news\/index.php?rest_route=%2Fwp%2Fv2%2Fcategories&post=2980628"},{"taxonomy":"post_tag","embeddable":true,"href":"https:\/\/agpnoticias.com\/news\/index.php?rest_route=%2Fwp%2Fv2%2Ftags&post=2980628"}],"curies":[{"name":"wp","href":"https:\/\/api.w.org\/{rel}","templated":true}]}}