{"id":2981601,"date":"2025-03-24T21:08:00","date_gmt":"2025-03-25T04:08:00","guid":{"rendered":"https:\/\/agpnoticias.com\/news\/?p=2981601"},"modified":"2025-04-07T21:08:50","modified_gmt":"2025-04-08T04:08:50","slug":"diputado-molina-garcia-rechaza-resolucion-de-la-scjn-sobre-la-portacion-de-armas-a-policias","status":"publish","type":"post","link":"https:\/\/agpnoticias.com\/news\/?p=2981601","title":{"rendered":"Diputado Molina Garc\u00eda rechaza resoluci\u00f3n de la SCJN sobre la portaci\u00f3n de armas a polic\u00edas"},"content":{"rendered":"\n<p>Mexicali, Baja California.- El presidente de la Junta de Coordinaci\u00f3n Pol\u00edtica, Juan Manuel Molina Garc\u00eda, reafirm\u00f3 ante los medios de comunicaci\u00f3n su postura a favor de que los polic\u00edas puedan portar su arma de fuego fuera de servicio, con el objetivo de que est\u00e9n en posibilidad de defenderse ante posibles atentados derivados de sus funciones.<br>Aclar\u00f3 que la reciente resoluci\u00f3n de la Suprema Corte de Justicia de la Naci\u00f3n (SCJN) no se opone a la iniciativa aprobada por unanimidad en el Congreso del Estado, sino que responde a una cuesti\u00f3n de competencia, al considerar que el tema es de \u00e1mbito federal. \u201cIncluso, la ministra Loretta Ortiz reconoci\u00f3 como positiva la intenci\u00f3n del legislador de brindar mayor protecci\u00f3n a los integrantes de los cuerpos de seguridad\u201d, inform\u00f3.<br>El Pleno de la SCJN determin\u00f3 que el Congreso local excedi\u00f3 sus facultades al extender la autorizaci\u00f3n de portaci\u00f3n de armas a los elementos de seguridad p\u00fablica, invadiendo competencias exclusivas del Congreso Federal.<br>Molina Garc\u00eda expres\u00f3 su respeto por la decisi\u00f3n del m\u00e1ximo \u00f3rgano jurisdiccional del pa\u00eds, se\u00f1alando que se debe acatar. \u201cLo que no comparto es la opini\u00f3n porque me parece que debieron realizar un an\u00e1lisis m\u00e1s profundo a la Ley Federal de Armas de Fuego y Explosivos, la cual establece que las autoridades de los estados pueden definir ciertas cuestiones en relaci\u00f3n precisamente a la portaci\u00f3n de armas\u201d, coment\u00f3.<br>A\u00f1adi\u00f3 que otros estados del pa\u00eds promovieron reformas id\u00e9nticas despu\u00e9s de su aprobaci\u00f3n en Baja California y que a\u00fan siguen vigentes. Sin embargo, en este caso la impugnaci\u00f3n se gestion\u00f3 ante la Consejer\u00eda Jur\u00eddica del Poder Ejecutivo de la Federaci\u00f3n, por personas que no estuvieron de acuerdo.<br>Siguiente paso, impulsar una reforma federal en beneficio de los polic\u00edas<br>Ante la declaraci\u00f3n de invalidez de la SCJN, el presidente de la JUCOPO mencion\u00f3 que ejercer\u00e1n la facultad que tiene el Congreso del Estado de iniciar leyes ante el Congreso de la Uni\u00f3n, para presentar la iniciativa con el fin de otorgar m\u00e1s derechos y protecci\u00f3n a los uniformados.<br>\u201cSeguimos pensando que nuestras mujeres y hombres polic\u00edas, deben tener la posibilidad de tener un elemento de defensa cuando est\u00e1n fuera de los horarios, porque nunca dejan de ser polic\u00edas los 365 d\u00edas del a\u00f1o las 24 horas del d\u00eda\u201d, subray\u00f3 Juan Manuel Molina.<\/p>\n","protected":false},"excerpt":{"rendered":"<p>Mexicali, Baja California.- El presidente de la Junta de Coordinaci\u00f3n Pol\u00edtica, Juan Manuel Molina Garc\u00eda,&#8230;<\/p>\n","protected":false},"author":1,"featured_media":2981602,"comment_status":"closed","ping_status":"closed","sticky":false,"template":"","format":"standard","meta":{"footnotes":""},"categories":[1],"tags":[],"class_list":["post-2981601","post","type-post","status-publish","format-standard","has-post-thumbnail","hentry","category-uncategorized"],"_links":{"self":[{"href":"https:\/\/agpnoticias.com\/news\/index.php?rest_route=\/wp\/v2\/posts\/2981601","targetHints":{"allow":["GET"]}}],"collection":[{"href":"https:\/\/agpnoticias.com\/news\/index.php?rest_route=\/wp\/v2\/posts"}],"about":[{"href":"https:\/\/agpnoticias.com\/news\/index.php?rest_route=\/wp\/v2\/types\/post"}],"author":[{"embeddable":true,"href":"https:\/\/agpnoticias.com\/news\/index.php?rest_route=\/wp\/v2\/users\/1"}],"replies":[{"embeddable":true,"href":"https:\/\/agpnoticias.com\/news\/index.php?rest_route=%2Fwp%2Fv2%2Fcomments&post=2981601"}],"version-history":[{"count":1,"href":"https:\/\/agpnoticias.com\/news\/index.php?rest_route=\/wp\/v2\/posts\/2981601\/revisions"}],"predecessor-version":[{"id":2981603,"href":"https:\/\/agpnoticias.com\/news\/index.php?rest_route=\/wp\/v2\/posts\/2981601\/revisions\/2981603"}],"wp:featuredmedia":[{"embeddable":true,"href":"https:\/\/agpnoticias.com\/news\/index.php?rest_route=\/wp\/v2\/media\/2981602"}],"wp:attachment":[{"href":"https:\/\/agpnoticias.com\/news\/index.php?rest_route=%2Fwp%2Fv2%2Fmedia&parent=2981601"}],"wp:term":[{"taxonomy":"category","embeddable":true,"href":"https:\/\/agpnoticias.com\/news\/index.php?rest_route=%2Fwp%2Fv2%2Fcategories&post=2981601"},{"taxonomy":"post_tag","embeddable":true,"href":"https:\/\/agpnoticias.com\/news\/index.php?rest_route=%2Fwp%2Fv2%2Ftags&post=2981601"}],"curies":[{"name":"wp","href":"https:\/\/api.w.org\/{rel}","templated":true}]}}