{"id":2982558,"date":"2025-04-29T18:45:13","date_gmt":"2025-04-30T01:45:13","guid":{"rendered":"https:\/\/agpnoticias.com\/news\/?p=2982558"},"modified":"2025-04-29T18:47:22","modified_gmt":"2025-04-30T01:47:22","slug":"propietarios-de-palcos-en-el-azteca-pretenden-defender-su-lugar-para-el-mundial-2026","status":"publish","type":"post","link":"https:\/\/agpnoticias.com\/news\/?p=2982558","title":{"rendered":"Propietarios de palcos en el Azteca pretenden defender su lugar para el Mundial 2026"},"content":{"rendered":"\n<p>Ciudad de M\u00e9xico.- Un empresario propietario de un palco en el ic\u00f3nico estadio Azteca present\u00f3 el martes una queja ante la agencia de protecci\u00f3n al consumidor de M\u00e9xico pidiendo claridad sobre el uso de sus asientos para el Mundial de 2026.<\/p>\n\n\n\n<p>El estadio, recientemente rebautizado como Banorte antes del torneo del pr\u00f3ximo a\u00f1o, ha estado cerrado por renovaciones desde mayo del a\u00f1o pasado.<\/p>\n\n\n\n<p>La FIFA quiere el control total de los estadios del Mundial desde 30 d\u00edas antes del primer partido hasta siete d\u00edas despu\u00e9s del \u00faltimo. No est\u00e1 claro qu\u00e9 implica esto para los propietarios de las butacas de lujo.<\/p>\n\n\n\n<p>\u201cEl consumidor quiere saber si se respetar\u00e1n sus derechos de uso de su palco durante el Mundial\u201d, declar\u00f3 \u00c1ngel Diego, abogado de uno de los propietarios de palcos de lujo, quien pidi\u00f3 permanecer en el anonimato. \u201cInvitamos a la empresa propietaria del estadio a que exprese claramente sus intenciones\u201d.<\/p>\n\n\n\n<p>La historia de c\u00f3mo se compraron las cajas complica las cosas.<\/p>\n\n\n\n<p>Para financiar la construcci\u00f3n del estadio en la d\u00e9cada de 1960, el empresario mexicano Emilio Azc\u00e1rraga Milmo vendi\u00f3 palcos de lujo a inversionistas privados por 115,000 pesos, o unos 9,000 d\u00f3lares de la \u00e9poca, otorgando a los propietarios el derecho a usarlos durante 99 a\u00f1os. Esto inclu\u00eda el acceso a partidos de f\u00fatbol, conciertos y otros eventos, como los Mundiales de 1970 y 1986 en M\u00e9xico.<\/p>\n\n\n\n<p>Pero para el Mundial de 2026, los due\u00f1os del estadio est\u00e1n pidiendo a los propietarios de palcos de lujo que renuncien a su acceso.<\/p>\n\n\n\n<p>\u201cSolo hay una soluci\u00f3n: que respeten nuestro contrato. Faltan 408 d\u00edas para el Mundial. Tenemos tiempo de sobra para resolverlo\u201d, declar\u00f3 Roberto Ruano, portavoz de la asociaci\u00f3n de propietarios de palcos de 134 plazas. \u201cNo es una solicitud; tenemos derecho a utilizarlos\u201d.<\/p>\n\n\n\n<p>El estadio con capacidad para 83.000 personas albergar\u00e1 cinco partidos durante el Mundial de 2026, incluido el partido inaugural del torneo.<\/p>\n\n\n\n<p>Los due\u00f1os del estadio, una empresa relacionada con Televisa, la mayor cadena de televisi\u00f3n de M\u00e9xico, han publicado im\u00e1genes de trabajos realizados en la cancha y en las butacas inferiores, pero los palcos corporativos aparentemente no han sido tocados.<\/p>\n\n\n\n<p>Ruano, cuyo padre compr\u00f3 el t\u00edtulo para un palco de lujo, dijo que los due\u00f1os del palco han estado hablando con los funcionarios del estadio durante aproximadamente un a\u00f1o, pero no han llegado a una resoluci\u00f3n.<\/p>\n\n\n\n<p>\u201cPor el momento no vamos a hacer nada porque seguimos en conversaciones amistosas con el estadio y no queremos romperlas\u201d, a\u00f1adi\u00f3 Ruano. \u201cLas puertas est\u00e1n abiertas, el di\u00e1logo no se ha interrumpido\u201d.<\/p>\n\n\n\n<p>La semana pasada, los funcionarios del estadio dijeron que una soluci\u00f3n al conflicto estaba cerca, pero no dieron m\u00e1s detalles.<\/p>\n\n\n\n<p>Ruano dice que algunos propietarios de palcos ajenos a su asociaci\u00f3n han acordado liberar sus asientos para el torneo de 2026 a cambio de mejoras y otros beneficios, incluidas las entradas, pero \u00e9l no quiere eso.<\/p>\n\n\n\n<p>\u201cMi caja es m\u00eda, ya tenemos un espacio designado y eso es lo que queremos\u201d, dijo Ruano. \u201cLes daremos m\u00e1s tiempo para intentar solucionar esto antes de hacer otra cosa\u201d.<\/p>\n\n\n\n<p><em>Informaci\u00f3n: AP.<\/em><\/p>\n","protected":false},"excerpt":{"rendered":"<p>Ciudad de M\u00e9xico.- Un empresario propietario de un palco en el ic\u00f3nico estadio Azteca present\u00f3&#8230;<\/p>\n","protected":false},"author":1,"featured_media":2982559,"comment_status":"closed","ping_status":"closed","sticky":false,"template":"","format":"standard","meta":{"footnotes":""},"categories":[32],"tags":[907],"class_list":["post-2982558","post","type-post","status-publish","format-standard","has-post-thumbnail","hentry","category-soccer","tag-tendencia"],"_links":{"self":[{"href":"https:\/\/agpnoticias.com\/news\/index.php?rest_route=\/wp\/v2\/posts\/2982558","targetHints":{"allow":["GET"]}}],"collection":[{"href":"https:\/\/agpnoticias.com\/news\/index.php?rest_route=\/wp\/v2\/posts"}],"about":[{"href":"https:\/\/agpnoticias.com\/news\/index.php?rest_route=\/wp\/v2\/types\/post"}],"author":[{"embeddable":true,"href":"https:\/\/agpnoticias.com\/news\/index.php?rest_route=\/wp\/v2\/users\/1"}],"replies":[{"embeddable":true,"href":"https:\/\/agpnoticias.com\/news\/index.php?rest_route=%2Fwp%2Fv2%2Fcomments&post=2982558"}],"version-history":[{"count":2,"href":"https:\/\/agpnoticias.com\/news\/index.php?rest_route=\/wp\/v2\/posts\/2982558\/revisions"}],"predecessor-version":[{"id":2982561,"href":"https:\/\/agpnoticias.com\/news\/index.php?rest_route=\/wp\/v2\/posts\/2982558\/revisions\/2982561"}],"wp:featuredmedia":[{"embeddable":true,"href":"https:\/\/agpnoticias.com\/news\/index.php?rest_route=\/wp\/v2\/media\/2982559"}],"wp:attachment":[{"href":"https:\/\/agpnoticias.com\/news\/index.php?rest_route=%2Fwp%2Fv2%2Fmedia&parent=2982558"}],"wp:term":[{"taxonomy":"category","embeddable":true,"href":"https:\/\/agpnoticias.com\/news\/index.php?rest_route=%2Fwp%2Fv2%2Fcategories&post=2982558"},{"taxonomy":"post_tag","embeddable":true,"href":"https:\/\/agpnoticias.com\/news\/index.php?rest_route=%2Fwp%2Fv2%2Ftags&post=2982558"}],"curies":[{"name":"wp","href":"https:\/\/api.w.org\/{rel}","templated":true}]}}