{"id":2982856,"date":"2025-05-06T19:05:52","date_gmt":"2025-05-07T02:05:52","guid":{"rendered":"https:\/\/agpnoticias.com\/news\/?p=2982856"},"modified":"2025-05-06T19:05:53","modified_gmt":"2025-05-07T02:05:53","slug":"segun-trump-renegociara-el-t-mec","status":"publish","type":"post","link":"https:\/\/agpnoticias.com\/news\/?p=2982856","title":{"rendered":"Seg\u00fan Trump, renegociar\u00e1 el T-MEC"},"content":{"rendered":"\n<p>Washington, D.C..-\u00a0El presidente de Estados Unidos, Donald Trump, valor\u00f3 positivamente este martes el tratado comercial trilateral con Canad\u00e1 y M\u00e9xico, el T-MEC, aunque dijo que sus socios no lo han respetado y record\u00f3 que se renegociar\u00e1 muy pronto.<\/p>\n\n\n\n<p>\u201c(El TMEC) ha sido muy efectivo y sigue siendo muy efectivo, pero la gente tiene que respetarlo. Y eso ha sido un problema. La gente no lo ha respetado\u201d, explic\u00f3 Trump en el Despacho Oval durante un encuentro con el primer ministro canadiense, Mark Carney.<\/p>\n\n\n\n<p>\u201cComo saben, caduca bastante pronto. Y se renegociar\u00e1 muy pronto\u201d, a\u00f1adi\u00f3 el presidente estadounidense, antes de a\u00f1adir que el actual tratado comercial, cuya negociaci\u00f3n impuls\u00f3 Trump en su primer mandato, supone una mejora con respecto al anterior acuerdo, el TLCAN, que ha criticado repetidamente.<\/p>\n\n\n\n<p>El T-MEC, rubricado en 2018 y en vigor desde 2020, deber ser revisado obligatoriamente antes de julio de 2026, tal y como estipularon los tres pa\u00edses firmantes.<\/p>\n\n\n\n<p>Trump dijo que el T-MEC es un acuerdo de transici\u00f3n y que fue un paso muy positivo con respecto al TLCAN, que calific\u00f3 como el peor acuerdo comercial en la historia de nuestro pa\u00eds, probablemente en la historia del mundo.<\/p>\n\n\n\n<p>Desde su llegada a la Casa Blanca en enero, Trump ha emprendido una guerra comercial contra los pa\u00edses con los que comercia, incluyendo Canad\u00e1 y M\u00e9xico, dos de sus mayores socios en este terreno.<\/p>\n\n\n\n<p>Aunque no ha implementado los llamados aranceles rec\u00edprocos contra Ottawa y M\u00e9xico, ambos vecinos soportan grav\u00e1menes del 25% sobre el acero y el aluminio, as\u00ed como impuestos aduaneros sobre las partes de veh\u00edculos fabricados en ambos pa\u00edses que no est\u00e9n sujetas al T-MEC.<\/p>\n","protected":false},"excerpt":{"rendered":"<p>Washington, D.C..-\u00a0El presidente de Estados Unidos, Donald Trump, valor\u00f3 positivamente este martes el tratado comercial&#8230;<\/p>\n","protected":false},"author":1,"featured_media":2982857,"comment_status":"closed","ping_status":"closed","sticky":false,"template":"","format":"standard","meta":{"footnotes":""},"categories":[1],"tags":[],"class_list":["post-2982856","post","type-post","status-publish","format-standard","has-post-thumbnail","hentry","category-uncategorized"],"_links":{"self":[{"href":"https:\/\/agpnoticias.com\/news\/index.php?rest_route=\/wp\/v2\/posts\/2982856","targetHints":{"allow":["GET"]}}],"collection":[{"href":"https:\/\/agpnoticias.com\/news\/index.php?rest_route=\/wp\/v2\/posts"}],"about":[{"href":"https:\/\/agpnoticias.com\/news\/index.php?rest_route=\/wp\/v2\/types\/post"}],"author":[{"embeddable":true,"href":"https:\/\/agpnoticias.com\/news\/index.php?rest_route=\/wp\/v2\/users\/1"}],"replies":[{"embeddable":true,"href":"https:\/\/agpnoticias.com\/news\/index.php?rest_route=%2Fwp%2Fv2%2Fcomments&post=2982856"}],"version-history":[{"count":1,"href":"https:\/\/agpnoticias.com\/news\/index.php?rest_route=\/wp\/v2\/posts\/2982856\/revisions"}],"predecessor-version":[{"id":2982858,"href":"https:\/\/agpnoticias.com\/news\/index.php?rest_route=\/wp\/v2\/posts\/2982856\/revisions\/2982858"}],"wp:featuredmedia":[{"embeddable":true,"href":"https:\/\/agpnoticias.com\/news\/index.php?rest_route=\/wp\/v2\/media\/2982857"}],"wp:attachment":[{"href":"https:\/\/agpnoticias.com\/news\/index.php?rest_route=%2Fwp%2Fv2%2Fmedia&parent=2982856"}],"wp:term":[{"taxonomy":"category","embeddable":true,"href":"https:\/\/agpnoticias.com\/news\/index.php?rest_route=%2Fwp%2Fv2%2Fcategories&post=2982856"},{"taxonomy":"post_tag","embeddable":true,"href":"https:\/\/agpnoticias.com\/news\/index.php?rest_route=%2Fwp%2Fv2%2Ftags&post=2982856"}],"curies":[{"name":"wp","href":"https:\/\/api.w.org\/{rel}","templated":true}]}}