{"id":2982859,"date":"2025-05-06T19:08:27","date_gmt":"2025-05-07T02:08:27","guid":{"rendered":"https:\/\/agpnoticias.com\/news\/?p=2982859"},"modified":"2025-05-06T19:08:29","modified_gmt":"2025-05-07T02:08:29","slug":"periodistas-mexicanas-ganan-premio-de-derechos-humanos","status":"publish","type":"post","link":"https:\/\/agpnoticias.com\/news\/?p=2982859","title":{"rendered":"Periodistas mexicanas ganan premio de derechos humanos"},"content":{"rendered":"\n<p>Ciudad de M\u00e9xico.-\u00a0Las periodistas mexicanas Roc\u00edo Gallegos, Gabriela Minjarez y Blanca Carmona ganaron este martes el premio\u00a0<strong>Breach\/Valdez de periodismo y derechos humanos en M\u00e9xico<\/strong>, por su reportaje \u2018A ellos no les vamos a abrir\u2019, publicado en el medio La Verdad de Ju\u00e1rez, que reconstruye el incendio con 40 muertos en un centro de detenci\u00f3n de migrantes en la fronteriza Ciudad Ju\u00e1rez.<\/p>\n\n\n\n<p>El premio, que este a\u00f1o celebra su s\u00e9ptima edici\u00f3n, se entrega en memoria de los periodistas mexicanos Miroslava Breach y Javier Valdez, ambos asesinados en 2017 por su labor informativa.<\/p>\n\n\n\n<p>El jurado valor\u00f3 el trabajo galardonado con el primer lugar como \u201cun enorme ejemplo de periodismo de investigaci\u00f3n, destacando su rigurosidad documental y su profundo compromiso con la defensa de los derechos humanos\u201d.<\/p>\n\n\n\n<p>A trav\u00e9s de videos de vigilancia, audios in\u00e9ditos, testimonios y documentos oficiales, el reportaje multimedia reconstruye los eventos que llevaron a la muerte de 40 personas en una celda cerrada bajo llave durante un incendio en marzo de 2023.<\/p>\n\n\n\n<p>Adem\u00e1s, muestra las condiciones violatorias de derechos humanos en las que el&nbsp;<strong>Instituto Nacional de Migraci\u00f3n<\/strong>&nbsp;(INM) ten\u00eda a los migrantes, y revela que las llaves que pudieron salvarlos de morir quemados nunca salieron del edificio en Ciudad Ju\u00e1rez, destac\u00f3 el jurado.<\/p>\n\n\n\n<p>Al recibir el premio, Gallegos afirm\u00f3 que este trabajo \u201cda testimonio del poder del periodismo local\u201d, una \u201cpelea\u201d que est\u00e1 dando la prensa independiente en el estado de Chihuahua, donde hay un control muy fuerte de los medios de comunicaci\u00f3n.<\/p>\n\n\n\n<p>Asimismo, resalt\u00f3 \u201cel poder de la colaboraci\u00f3n\u201d con colegas de El Paso Matters, en Texas, y Lighthouse Report, de Pa\u00edses Bajos.<\/p>\n\n\n\n<p>\u201cEste trabajo es en memoria de esos 40 hombres, es en memoria de su familia que sigue buscando justicia porque a m\u00e1s de dos a\u00f1os de esta tragedia, no hay justicia para ellos\u201d, resalt\u00f3 la periodista.<\/p>\n\n\n\n<p>El premio&nbsp;<strong>Breach\/Valdez<\/strong>, organizado por instituciones como la ONU, la Unesco, Unicef, la Uni\u00f3n Europea, las Embajadas de Francia y Suiza en M\u00e9xico, la&nbsp;<strong>Agencia Francesa de Prensa<\/strong>&nbsp;(AFP) y&nbsp;<strong>Reporteros Sin Fronteras&nbsp;<\/strong>(RSF), incluye 8 mil euros y una beca en la Universidad Latinoamericana.<\/p>\n\n\n\n<p>El segundo lugar fue para el reportaje \u2018Tragedia en la c\u00e1rcel de mujeres: as\u00ed estall\u00f3 la ola de suicidios en el Cefereso\u2019 de Beatr\u00edz Guill\u00e9n, con fotograf\u00edas de M\u00f3nica Gonz\u00e1lez, publicado en el peri\u00f3dico El Pa\u00eds, sobre la ola de muertes de mujeres privadas de la libertad sin explicar clara y dignamente por las autoridades.<\/p>\n\n\n\n<p>Tambi\u00e9n se entregaron menciones especiales a los trabajos \u2018Ser joven, un peligro en M\u00e9xico\u2019, de Mariana Betanzos y Laura Jim\u00e9nez, publicado en El Universal; \u2018Marina, un eslab\u00f3n oculto en el montaje de la \u2018verdad hist\u00f3rica\u2019, de C\u00e9sar Mart\u00ednez, publicado en A d\u00f3nde van los desaparecidos, y \u2018Ayotzinapa, memoria y resistencia\u2019, de Elia Almanza, Daniel Rosas y V\u00edctor Figueroa, de Telesur.<\/p>\n\n\n\n<p>Mientras que en la categor\u00eda de Derechos de la Ni\u00f1ez y Adolescencia, fueron reconocidos Alberto Pradilla y Paul Ram\u00edrez por el reportaje \u2018Deportaci\u00f3n infantil: el muro mexicano\u2019, publicado en N+ Focus, que expone los riesgos que atraviesan las infancias y adolescencias migrantes no acompa\u00f1adas en la frontera con Estados Unidos.<\/p>\n\n\n\n<p>La menci\u00f3n especial en esta categor\u00eda, que se galardona por tercera vez desde el inicio del premio en 2018, fue para Ricardo Hern\u00e1ndez Ruiz por su trabajo \u2018Mar adentro est\u00e1 la sanaci\u00f3n\u2019, publicado en Gatopardo.<\/p>\n\n\n\n<p>Griselda Triana, integrante del jurado, defensora de derechos humanos y viuda de Javier Valdez, enfatiz\u00f3 la importancia de este galard\u00f3n que lleva el nombre de su esposo, quien est\u00e1 por cumplir ocho a\u00f1os fallecido y sin justicia por su asesinato.<\/p>\n\n\n\n<p>\u201cHablar de este premio que honra la memoria de dos periodistas a quienes privaron de la vida por su labor informativa, tambi\u00e9n nos debe evocar la ausencia de dos centenares m\u00e1s por las mismas razones. Tambi\u00e9n ten\u00edan nombre y apellido, y ten\u00edan familias que a\u00fan esperan, esperamos justicia\u201d, enfatiz\u00f3 Triana.<\/p>\n\n\n\n<p>Desde el a\u00f1o 2000, la organizaci\u00f3n Art\u00edculo 19 ha documentado el asesinato de 171 periodistas y la desaparici\u00f3n de otros 32 en M\u00e9xico.<\/p>\n","protected":false},"excerpt":{"rendered":"<p>Ciudad de M\u00e9xico.-\u00a0Las periodistas mexicanas Roc\u00edo Gallegos, Gabriela Minjarez y Blanca Carmona ganaron este martes&#8230;<\/p>\n","protected":false},"author":1,"featured_media":2982860,"comment_status":"closed","ping_status":"closed","sticky":false,"template":"","format":"standard","meta":{"footnotes":""},"categories":[1],"tags":[],"class_list":["post-2982859","post","type-post","status-publish","format-standard","has-post-thumbnail","hentry","category-uncategorized"],"_links":{"self":[{"href":"https:\/\/agpnoticias.com\/news\/index.php?rest_route=\/wp\/v2\/posts\/2982859","targetHints":{"allow":["GET"]}}],"collection":[{"href":"https:\/\/agpnoticias.com\/news\/index.php?rest_route=\/wp\/v2\/posts"}],"about":[{"href":"https:\/\/agpnoticias.com\/news\/index.php?rest_route=\/wp\/v2\/types\/post"}],"author":[{"embeddable":true,"href":"https:\/\/agpnoticias.com\/news\/index.php?rest_route=\/wp\/v2\/users\/1"}],"replies":[{"embeddable":true,"href":"https:\/\/agpnoticias.com\/news\/index.php?rest_route=%2Fwp%2Fv2%2Fcomments&post=2982859"}],"version-history":[{"count":1,"href":"https:\/\/agpnoticias.com\/news\/index.php?rest_route=\/wp\/v2\/posts\/2982859\/revisions"}],"predecessor-version":[{"id":2982861,"href":"https:\/\/agpnoticias.com\/news\/index.php?rest_route=\/wp\/v2\/posts\/2982859\/revisions\/2982861"}],"wp:featuredmedia":[{"embeddable":true,"href":"https:\/\/agpnoticias.com\/news\/index.php?rest_route=\/wp\/v2\/media\/2982860"}],"wp:attachment":[{"href":"https:\/\/agpnoticias.com\/news\/index.php?rest_route=%2Fwp%2Fv2%2Fmedia&parent=2982859"}],"wp:term":[{"taxonomy":"category","embeddable":true,"href":"https:\/\/agpnoticias.com\/news\/index.php?rest_route=%2Fwp%2Fv2%2Fcategories&post=2982859"},{"taxonomy":"post_tag","embeddable":true,"href":"https:\/\/agpnoticias.com\/news\/index.php?rest_route=%2Fwp%2Fv2%2Ftags&post=2982859"}],"curies":[{"name":"wp","href":"https:\/\/api.w.org\/{rel}","templated":true}]}}