{"id":2983033,"date":"2025-05-09T08:34:59","date_gmt":"2025-05-09T15:34:59","guid":{"rendered":"https:\/\/agpnoticias.com\/news\/?p=2983033"},"modified":"2025-05-09T08:38:45","modified_gmt":"2025-05-09T15:38:45","slug":"xabi-alonso-deja-leverkusen-con-destino-a-madrid","status":"publish","type":"post","link":"https:\/\/agpnoticias.com\/news\/?p=2983033","title":{"rendered":"Xabi Alonso deja Leverkusen, con destino a Madrid"},"content":{"rendered":"\n<p>Leverkusen, Alemania.- El t\u00e9cnico del Bayer Leverkusen, Xabi Alonso, dejar\u00e1 el club alem\u00e1n despu\u00e9s de esta temporada, antes de su esperado traspaso al Real Madrid.<\/p>\n\n\n\n<p>\u201cEs el momento oportuno para anunciarlo\u201d, declar\u00f3 el entrenador espa\u00f1ol el viernes, antes del que ser\u00e1 su \u00faltimo partido en casa el domingo. \u201cLa claridad es buena para todos\u201d.<\/p>\n\n\n\n<p>Alonso, de 43 a\u00f1os, puso fin a semanas de especulaciones al informar a sus jugadores antes de la sesi\u00f3n de entrenamiento del viernes que se marchaba, un a\u00f1o antes de que expire su contrato con el club en 2026.<\/p>\n\n\n\n<p>Alonso, exjugador del Madrid, llev\u00f3 al Leverkusen a un doblete de liga y copa sin precedentes la temporada pasada despu\u00e9s de hacerse cargo del equipo cuando estaba en la zona de descenso de la Bundesliga en octubre de 2022.<\/p>\n\n\n\n<p>\u201cCreo que podemos estar contentos, podemos estar orgullosos de lo que hemos logrado durante este tiempo\u201d, dijo Alonso.<\/p>\n\n\n\n<p>Su equipo, el Leverkusen, sigue siendo el \u00fanico que ha completado una temporada de la Bundesliga invicto.<\/p>\n\n\n\n<p>Sin embargo, replicar esa racha esta temporada fue todo un reto. El Leverkusen cedi\u00f3 el\u00a0t\u00edtulo de liga al Bayern M\u00fanich\u00a0el fin de semana pasado a falta de dos jornadas para el final.<\/p>\n\n\n\n<p>\u201cHe intentado exprimirlos al m\u00e1ximo. Me han dado much\u00edsimo, as\u00ed que quiz\u00e1 ahora mismo estemos vac\u00edos\u201d, dijo Alonso sobre sus jugadores.<\/p>\n\n\n\n<p>El puesto en el Leverkusen fue el primero de Alonso en la alta direcci\u00f3n tras una brillante carrera como jugador en el Madrid, el Liverpool y el Bayern. Pas\u00f3 tres a\u00f1os como entrenador del filial de la Real Sociedad, otro antiguo club. Comenz\u00f3 su carrera como entrenador en las categor\u00edas inferiores del Madrid.<\/p>\n\n\n\n<p>\u201cHe aprendido much\u00edsimas cosas y he mejorado como entrenador, como alguien que necesita m\u00e1s recursos para s\u00ed mismo y para el futuro\u201d, dijo Alonso sobre su etapa en Leverkusen. \u201cDir\u00eda que ha funcionado bastante bien\u201d.<\/p>\n\n\n\n<p>Record\u00f3 su primera reuni\u00f3n con el director ejecutivo del Leverkusen, Fernando Carro, y con el director deportivo, Simon Rolfes, en San Sebasti\u00e1n, Espa\u00f1a, cuando lo convencieron de hacerse cargo de su equipo de bajo rendimiento.<\/p>\n\n\n\n<p>\u201cTen\u00edamos algunas ideas, algunas expectativas. As\u00ed que, una vez cumplidas, podemos decir que el trabajo est\u00e1 hecho\u201d, dijo Alonso.<\/p>\n\n\n\n<p>Se neg\u00f3 a decir a d\u00f3nde ir\u00e1 despu\u00e9s.<\/p>\n\n\n\n<p>\u201cAhora no es el d\u00eda para hablar del futuro\u201d, dijo Alonso, quien seg\u00fan se informa es el principal candidato para reemplazar a Carlo Ancelotti en el Madrid.<\/p>\n\n\n\n<p>Ancelotti tiene contrato hasta el final de la pr\u00f3xima temporada, pero se espera que se vaya despu\u00e9s de una campa\u00f1a en la que el Madrid tuvo problemas a pesar de sumar a Kylian Mbapp\u00e9 a su plantilla.<\/p>\n\n\n\n<p>Ancelotti afronta un gran partido el domingo cuando el Madrid visite al Barcelona, ??que se encuentra cuatro puntos por detr\u00e1s de su rival y necesita una victoria para mantener la esperanza de defender su t\u00edtulo de Liga.<\/p>\n\n\n\n<p>Brasil lleva m\u00e1s de un a\u00f1o cortejando a Ancelotti, pero las conversaciones sobre su posible incorporaci\u00f3n a la selecci\u00f3n nacional se han prolongado. Ancelotti ha desviado las preguntas sobre su futuro afirmando que anunciar\u00e1 sus planes al final de la temporada.<\/p>\n\n\n\n<p>Los dos \u00faltimos partidos de Alonso en la Bundesliga con el Leverkusen ser\u00e1n contra el Borussia Dortmund en casa el domingo, antes de visitar al Mainz en la \u00faltima jornada de la temporada.<\/p>\n\n\n\n<p>Seguramente recibir\u00e1 el cari\u00f1o de la afici\u00f3n de un club antes conocido como el \u201cBayer Neverkusen\u201d por sus cinco subcampeonatos en la Bundesliga y una serie de dolorosas derrotas en finales. Alonso conf\u00eda en que esos d\u00edas ya han pasado.<\/p>\n\n\n\n<p>\u201cEn el club hay gente muy inteligente y muy preparada que llevar\u00e1 al club por el buen camino, igual que lo han hecho hasta ahora. Siempre estar\u00e9 ah\u00ed para ayudar de la mejor manera posible, para que esto no desaparezca\u201d, dijo Alonso. \u201cQuiero seguir manteniendo este v\u00ednculo con el Bayer 04, porque es para siempre\u201d.<\/p>\n\n\n\n<p>Rolfes en un comunicado al Leverkusen describi\u00f3 el paso de Alonso por el club como un \u201chito en su desarrollo\u201d.<\/p>\n\n\n\n<p>\u201cJunto con Xabi hemos formado un equipo que ha impresionado a todo el mundo del f\u00fatbol por su calidad deportiva y mentalidad\u201d, afirm\u00f3 Rolfes.<\/p>\n\n\n\n<p>El club afirm\u00f3 que anunciar\u00e1 un sucesor \u201ca su debido tiempo\u201d. Cesc F\u00e1bregas, entrenador del equipo italiano Como, y Erik ten Hag, quien dirigi\u00f3 anteriormente al Manchester United, son candidatos reportados.<\/p>\n\n\n\n<p>Alonso desminti\u00f3 una informaci\u00f3n del peri\u00f3dico sensacionalista Bild que afirmaba que la estrella del Leverkusen, Florian Wirtz, le hab\u00eda informado de su deseo de fichar por el Bayern y no por el Madrid ni el Manchester City. Seg\u00fan informes, los tres clubes est\u00e1n interesados ??y Wirtz ha dicho que aceptar\u00eda un nuevo reto.<\/p>\n\n\n\n<p>El defensa del Leverkusen, Jonathan Tah, tambi\u00e9n dejar\u00e1 el club y su contrato finalizar\u00e1 al final de la temporada.<\/p>\n\n\n\n<p>Cuando se le pregunt\u00f3 si hab\u00eda prometido a Carro y Rolfes no llevarse a ning\u00fan jugador del Leverkusen a su pr\u00f3ximo club, Alonso se ri\u00f3.<\/p>\n\n\n\n<p>\u201cNo prometo nada\u201d, dijo.<\/p>\n\n\n\n<p><em>Informaci\u00f3n: AP<\/em><\/p>\n","protected":false},"excerpt":{"rendered":"<p>Leverkusen, Alemania.- El t\u00e9cnico del Bayer Leverkusen, Xabi Alonso, dejar\u00e1 el club alem\u00e1n despu\u00e9s de&#8230;<\/p>\n","protected":false},"author":1,"featured_media":2983034,"comment_status":"closed","ping_status":"closed","sticky":false,"template":"","format":"standard","meta":{"footnotes":""},"categories":[32,1144,1151],"tags":[],"class_list":["post-2983033","post","type-post","status-publish","format-standard","has-post-thumbnail","hentry","category-soccer","category-futbol-internacional","category-portada"],"_links":{"self":[{"href":"https:\/\/agpnoticias.com\/news\/index.php?rest_route=\/wp\/v2\/posts\/2983033","targetHints":{"allow":["GET"]}}],"collection":[{"href":"https:\/\/agpnoticias.com\/news\/index.php?rest_route=\/wp\/v2\/posts"}],"about":[{"href":"https:\/\/agpnoticias.com\/news\/index.php?rest_route=\/wp\/v2\/types\/post"}],"author":[{"embeddable":true,"href":"https:\/\/agpnoticias.com\/news\/index.php?rest_route=\/wp\/v2\/users\/1"}],"replies":[{"embeddable":true,"href":"https:\/\/agpnoticias.com\/news\/index.php?rest_route=%2Fwp%2Fv2%2Fcomments&post=2983033"}],"version-history":[{"count":2,"href":"https:\/\/agpnoticias.com\/news\/index.php?rest_route=\/wp\/v2\/posts\/2983033\/revisions"}],"predecessor-version":[{"id":2983037,"href":"https:\/\/agpnoticias.com\/news\/index.php?rest_route=\/wp\/v2\/posts\/2983033\/revisions\/2983037"}],"wp:featuredmedia":[{"embeddable":true,"href":"https:\/\/agpnoticias.com\/news\/index.php?rest_route=\/wp\/v2\/media\/2983034"}],"wp:attachment":[{"href":"https:\/\/agpnoticias.com\/news\/index.php?rest_route=%2Fwp%2Fv2%2Fmedia&parent=2983033"}],"wp:term":[{"taxonomy":"category","embeddable":true,"href":"https:\/\/agpnoticias.com\/news\/index.php?rest_route=%2Fwp%2Fv2%2Fcategories&post=2983033"},{"taxonomy":"post_tag","embeddable":true,"href":"https:\/\/agpnoticias.com\/news\/index.php?rest_route=%2Fwp%2Fv2%2Ftags&post=2983033"}],"curies":[{"name":"wp","href":"https:\/\/api.w.org\/{rel}","templated":true}]}}