{"id":2983096,"date":"2025-05-10T14:45:48","date_gmt":"2025-05-10T21:45:48","guid":{"rendered":"https:\/\/agpnoticias.com\/news\/?p=2983096"},"modified":"2025-05-10T14:45:50","modified_gmt":"2025-05-10T21:45:50","slug":"derek-carr-anuncia-su-retiro-por-lesion-en-el-hombro","status":"publish","type":"post","link":"https:\/\/agpnoticias.com\/news\/?p=2983096","title":{"rendered":"Derek Carr anuncia su retiro por lesi\u00f3n en el hombro"},"content":{"rendered":"\n<p>Nueva Orleans.- El veterano mariscal de campo titular de los New Orleans Saints, Derek Carr, decidi\u00f3 retirarse debido a un desgarro en el labrum de su hombro derecho y \u201ccambios degenerativos significativos\u201d en su manguito rotador, anunci\u00f3 el equipo el s\u00e1bado.<\/p>\n\n\n\n<p>Carr, de 34 a\u00f1os, ha jugado durante 11 temporadas profesionales desde que fue seleccionado de Fresno State por los entonces Oakland Raiders en la segunda ronda del draft de la NFL de 2014.<\/p>\n\n\n\n<p>Los Saints lo adquirieron como agente libre en 2023, pero tuvo resultados mixtos en Nueva Orleans, con marca de 14-13 como titular mientras luchaba con lesiones oblicuas, en la mano y en la cabeza que le hicieron perderse siete juegos la temporada pasada.<\/p>\n\n\n\n<p>Carr, quien estaba entrando al tercer a\u00f1o de un contrato de cuatro a\u00f1os por $150 millones, experiment\u00f3 un dolor inesperado en su hombro de lanzar cuando comenz\u00f3 a intensificar el entrenamiento esta temporada baja, lo que llev\u00f3 a su diagn\u00f3stico que ahora ha truncado su carrera.<\/p>\n\n\n\n<p>\u201cLa cirug\u00eda era una opci\u00f3n, poniendo en riesgo toda la temporada 2025, pero no hab\u00eda garant\u00eda de que Derek volviera al nivel de fuerza, funci\u00f3n y rendimiento de juego al que estaba acostumbrado\u201d, dijeron los Saints en un comunicado escrito.<\/p>\n\n\n\n<p>Los Saints no reconocieron la lesi\u00f3n de Carr hasta el d\u00eda anterior al draft. Carr no habl\u00f3 p\u00fablicamente sobre la lesi\u00f3n hasta unos d\u00edas despu\u00e9s, cuando pronunci\u00f3 un serm\u00f3n en una iglesia de Las Vegas . En ese serm\u00f3n, Carr afirm\u00f3 que sus cr\u00edticos \u201cment\u00edan\u201d sobre \u00e9l al cuestionar el inusual momento en que se produjo la lesi\u00f3n, as\u00ed como la reticencia inicial tanto del equipo como de Carr a abordar el tema abiertamente o responder preguntas al respecto.<\/p>\n\n\n\n<p>Carr acumula un total de 41,245 yardas por pase, 257 touchdowns y 112 intercepciones en su carrera. Se retira con un r\u00e9cord de 77-92 en la temporada regular como titular y sin haber ganado ning\u00fan partido de playoffs.<\/p>\n\n\n\n<p>Carr dijo que tom\u00f3 la decisi\u00f3n despu\u00e9s de consultar con su esposa, Heather, y \u201ctras reflexionar y orar\u201d.<\/p>\n\n\n\n<p>\u201cDurante m\u00e1s de 11 a\u00f1os, hemos sido incre\u00edblemente bendecidos y estamos eternamente agradecidos y conmovidos por esta experiencia\u201d, dijo Carr. \u201cEs dif\u00edcil encontrar las palabras adecuadas para expresar nuestro agradecimiento a todos los compa\u00f1eros, entrenadores, directiva, propietarios, directivos y, especialmente, a la afici\u00f3n que hicieron de esta experiencia algo tan especial\u201d.<\/p>\n\n\n\n<p>La decisi\u00f3n tambi\u00e9n llega despu\u00e9s de que Nueva Orleans utilizara una selecci\u00f3n alta de segunda ronda del draft para seleccionar a Tyler Shough, de Louisville, como posible futuro mariscal de campo titular, aunque a\u00fan queda por ver qu\u00e9 tan r\u00e1pido puede estar listo para ese rol.<\/p>\n\n\n\n<p>Otros QB en la plantilla de los Saints incluyen al profesional de segundo a\u00f1o Spencer Rattler y al jugador de tercer a\u00f1o Jake Haener, quienes lograron una victoria entre ellos en siete juegos la temporada pasada, seis de los cuales Rattler fue titular.<\/p>\n\n\n\n<p><em>Informaci\u00f3n: AP.<\/em><\/p>\n","protected":false},"excerpt":{"rendered":"<p>Nueva Orleans.- El veterano mariscal de campo titular de los New Orleans Saints, Derek Carr,&#8230;<\/p>\n","protected":false},"author":1,"featured_media":2983097,"comment_status":"closed","ping_status":"closed","sticky":false,"template":"","format":"standard","meta":{"footnotes":""},"categories":[33,1143],"tags":[907],"class_list":["post-2983096","post","type-post","status-publish","format-standard","has-post-thumbnail","hentry","category-futbol-americano","category-nfl","tag-tendencia"],"_links":{"self":[{"href":"https:\/\/agpnoticias.com\/news\/index.php?rest_route=\/wp\/v2\/posts\/2983096","targetHints":{"allow":["GET"]}}],"collection":[{"href":"https:\/\/agpnoticias.com\/news\/index.php?rest_route=\/wp\/v2\/posts"}],"about":[{"href":"https:\/\/agpnoticias.com\/news\/index.php?rest_route=\/wp\/v2\/types\/post"}],"author":[{"embeddable":true,"href":"https:\/\/agpnoticias.com\/news\/index.php?rest_route=\/wp\/v2\/users\/1"}],"replies":[{"embeddable":true,"href":"https:\/\/agpnoticias.com\/news\/index.php?rest_route=%2Fwp%2Fv2%2Fcomments&post=2983096"}],"version-history":[{"count":1,"href":"https:\/\/agpnoticias.com\/news\/index.php?rest_route=\/wp\/v2\/posts\/2983096\/revisions"}],"predecessor-version":[{"id":2983098,"href":"https:\/\/agpnoticias.com\/news\/index.php?rest_route=\/wp\/v2\/posts\/2983096\/revisions\/2983098"}],"wp:featuredmedia":[{"embeddable":true,"href":"https:\/\/agpnoticias.com\/news\/index.php?rest_route=\/wp\/v2\/media\/2983097"}],"wp:attachment":[{"href":"https:\/\/agpnoticias.com\/news\/index.php?rest_route=%2Fwp%2Fv2%2Fmedia&parent=2983096"}],"wp:term":[{"taxonomy":"category","embeddable":true,"href":"https:\/\/agpnoticias.com\/news\/index.php?rest_route=%2Fwp%2Fv2%2Fcategories&post=2983096"},{"taxonomy":"post_tag","embeddable":true,"href":"https:\/\/agpnoticias.com\/news\/index.php?rest_route=%2Fwp%2Fv2%2Ftags&post=2983096"}],"curies":[{"name":"wp","href":"https:\/\/api.w.org\/{rel}","templated":true}]}}