{"id":2983136,"date":"2025-05-10T23:28:32","date_gmt":"2025-05-11T06:28:32","guid":{"rendered":"https:\/\/agpnoticias.com\/news\/?p=2983136"},"modified":"2025-05-10T23:33:07","modified_gmt":"2025-05-11T06:33:07","slug":"les-revocan-la-visa-primero-a-carlos-torres-luego-la-gobernadora-marina-del-pilar-recibe-una-notificacion-similar","status":"publish","type":"post","link":"https:\/\/agpnoticias.com\/news\/?p=2983136","title":{"rendered":"Les revocan la visa: Primero a Carlos Torres; luego la gobernadora Marina del Pilar recibe \u201cuna notificaci\u00f3n similar\u201d"},"content":{"rendered":"\n<p>Tijuana, Baja California (AFN).- El gobierno de Estados Unidos revoc\u00f3 la visa al director de proyectos especiales del gobierno del Estado y del municipio Carlos Torres Torres, seg\u00fan lo dio a conocer \u00e9l, y al parecer ocurri\u00f3 lo mismo en el caso de su esposa la gobernadora Marina del Pilar \u00c1vila Olmeda seg\u00fan se deduce del \u00faltimo p\u00e1rrafo de su comunicado, lo que ella misma inform\u00f3 m\u00e1s tarde.<\/p>\n\n\n\n<p>En un mensaje publicado en sus redes sociales, el tambi\u00e9n exdiputado por el PAN dijo que la revocaci\u00f3n de su visa responde a \u201cdisposiciones internas del Departamento de Estado\u201d, sin ofrecer mayor explicaci\u00f3n del por qu\u00e9 considera que eso ocurri\u00f3..<\/p>\n\n\n\n<p>En el \u00faltimo p\u00e1rrafo de su escrito, Carlos Torres lament\u00f3 que su situaci\u00f3n haya tenido \u201cconsecuencias\u201d para su esposa, la gobernadora Marina del Pilar \u00c1vila Olmeda \u201ca pesar de no haber provocado nada\u201d, dijo.<\/p>\n\n\n\n<p>Fuentes consultadas confirmaron que la revocaci\u00f3n de la visa estadounidense fue para ambos.<\/p>\n\n\n\n<p>A continuaci\u00f3n, se reproduce el mensaje \u00edntegro:<\/p>\n\n\n\n<p>En d\u00edas recientes fui notificado por autoridades consulares de Estados Unidos sobre la revocaci\u00f3n de mi visa de no inmigrante, una medida que, como ocurre con muchas personas en contextos similares, responde a disposiciones internas del Departamento de Estado. Cabe se\u00f1alar que mi conciencia est\u00e1 tranquila y estoy seguro que se resolver\u00e1 la situaci\u00f3n de manera favorable. En la actualidad, la aplicaci\u00f3n de estos criterios administrativos se ha vuelto cada vez m\u00e1s com\u00fan, y como tantos otros, estoy incluido en ese universo.<\/p>\n\n\n\n<p>Este procedimiento no representa acusaci\u00f3n, investigaci\u00f3n ni se\u00f1alamiento formal por parte de autoridad alguna, ni en M\u00e9xico ni en Estados Unidos.<\/p>\n\n\n\n<p>He contactado a un especialista en derecho migratorio internacional que eval\u00faa la presentaci\u00f3n de una moci\u00f3n para reabrir o reconsiderar la decisi\u00f3n, o bien iniciar el proceso para una nueva solicitud de visa, en estricto apego a los canales oficiales.<\/p>\n\n\n\n<p>Hago p\u00fablica esta informaci\u00f3n con responsabilidad y transparencia, no solo para evitar especulaciones, sino tambi\u00e9n para limitar el uso malintencionado de esta situaci\u00f3n por parte de adversarios pol\u00edticos. Cr\u00e9anme: se trata de personas sin l\u00edmites ni escr\u00fapulos, dispuestas a convertir cualquier hecho en calumnia si creen que les dar\u00e1 ventaja.<\/p>\n\n\n\n<p>A lo largo de mi vida p\u00fablica he actuado con respeto a la ley y plena conciencia del compromiso de servir. Esta situaci\u00f3n ser\u00e1 atendida con seriedad y confianza en los procedimientos legales.<\/p>\n\n\n\n<p>Reitero lo m\u00e1s importante: no hay espacio para la mentira ni el oportunismo entre quienes caminamos del lado de la dignidad.<\/p>\n\n\n\n<p>Lamento profundamente que esta situaci\u00f3n haya tenido consecuencias para mi esposa, Marina del Pilar, quien \u2014a pesar de no haber provocado nada\u2014 la ha enfrentado con serenidad, firmeza y sin perder nunca la empat\u00eda que la define.<\/p>\n\n\n\n<p>Atentamente,<\/p>\n\n\n\n<p>Carlos Torres Torres<\/p>\n\n\n\n<p>M\u00e1s tarde, la gobernadora confirm\u00f3 haber recibido una notificaci\u00f3n similar a la de su marido, a quien respald\u00f3 con el siguiente texto.<\/p>\n\n\n\n<figure class=\"wp-block-image size-large\"><img fetchpriority=\"high\" decoding=\"async\" width=\"810\" height=\"810\" src=\"https:\/\/agpnoticias.com\/news\/wp-content\/uploads\/2025\/05\/IMG_6555-810x810.jpeg\" alt=\"\" class=\"wp-image-2983137\" srcset=\"https:\/\/agpnoticias.com\/news\/wp-content\/uploads\/2025\/05\/IMG_6555-810x810.jpeg 810w, https:\/\/agpnoticias.com\/news\/wp-content\/uploads\/2025\/05\/IMG_6555-400x400.jpeg 400w, https:\/\/agpnoticias.com\/news\/wp-content\/uploads\/2025\/05\/IMG_6555-300x300.jpeg 300w\" sizes=\"(max-width: 810px) 100vw, 810px\" \/><\/figure>\n","protected":false},"excerpt":{"rendered":"<p>Tijuana, Baja California (AFN).- El gobierno de Estados Unidos revoc\u00f3 la visa al director de&#8230;<\/p>\n","protected":false},"author":1,"featured_media":2983138,"comment_status":"closed","ping_status":"closed","sticky":false,"template":"","format":"standard","meta":{"footnotes":""},"categories":[1,1151],"tags":[],"class_list":["post-2983136","post","type-post","status-publish","format-standard","has-post-thumbnail","hentry","category-uncategorized","category-portada"],"_links":{"self":[{"href":"https:\/\/agpnoticias.com\/news\/index.php?rest_route=\/wp\/v2\/posts\/2983136","targetHints":{"allow":["GET"]}}],"collection":[{"href":"https:\/\/agpnoticias.com\/news\/index.php?rest_route=\/wp\/v2\/posts"}],"about":[{"href":"https:\/\/agpnoticias.com\/news\/index.php?rest_route=\/wp\/v2\/types\/post"}],"author":[{"embeddable":true,"href":"https:\/\/agpnoticias.com\/news\/index.php?rest_route=\/wp\/v2\/users\/1"}],"replies":[{"embeddable":true,"href":"https:\/\/agpnoticias.com\/news\/index.php?rest_route=%2Fwp%2Fv2%2Fcomments&post=2983136"}],"version-history":[{"count":3,"href":"https:\/\/agpnoticias.com\/news\/index.php?rest_route=\/wp\/v2\/posts\/2983136\/revisions"}],"predecessor-version":[{"id":2983141,"href":"https:\/\/agpnoticias.com\/news\/index.php?rest_route=\/wp\/v2\/posts\/2983136\/revisions\/2983141"}],"wp:featuredmedia":[{"embeddable":true,"href":"https:\/\/agpnoticias.com\/news\/index.php?rest_route=\/wp\/v2\/media\/2983138"}],"wp:attachment":[{"href":"https:\/\/agpnoticias.com\/news\/index.php?rest_route=%2Fwp%2Fv2%2Fmedia&parent=2983136"}],"wp:term":[{"taxonomy":"category","embeddable":true,"href":"https:\/\/agpnoticias.com\/news\/index.php?rest_route=%2Fwp%2Fv2%2Fcategories&post=2983136"},{"taxonomy":"post_tag","embeddable":true,"href":"https:\/\/agpnoticias.com\/news\/index.php?rest_route=%2Fwp%2Fv2%2Ftags&post=2983136"}],"curies":[{"name":"wp","href":"https:\/\/api.w.org\/{rel}","templated":true}]}}