{"id":2983214,"date":"2025-05-12T09:45:46","date_gmt":"2025-05-12T16:45:46","guid":{"rendered":"https:\/\/agpnoticias.com\/news\/?p=2983214"},"modified":"2025-05-12T09:45:48","modified_gmt":"2025-05-12T16:45:48","slug":"que-es-la-tos-ferina-la-enfermedad-que-ha-cobrado-la-vida-de-49-bebes-en-mexico-en-los-ultimos-meses","status":"publish","type":"post","link":"https:\/\/agpnoticias.com\/news\/?p=2983214","title":{"rendered":"\u00bfQu\u00e9 es la tos ferina? La enfermedad que ha cobrado la vida de 49 beb\u00e9s en M\u00e9xico en los ultimos meses"},"content":{"rendered":"\n<p>Ciudad de M\u00e9xico.- M\u00e9xico enfrenta el mayor brote de tos ferina en los \u00faltimos siete a\u00f1os, con\u00a0<strong>835 casos confirmados y 49 muertes en menores<\/strong>, seg\u00fan el informe m\u00e1s reciente de la Secretar\u00eda de Salud. La mayor\u00eda de las ni\u00f1as y ni\u00f1os que fallecieron\u00a0<strong>no contaban con antecedentes de vacunaci\u00f3n<\/strong>, revelaron las autoridades.<\/p>\n\n\n\n<p>El aumento de contagios representa un incremento del&nbsp;<strong>1,110% respecto al mismo periodo de 2024<\/strong>, cuando se reportaron apenas 69 casos. De las muertes registradas este a\u00f1o,&nbsp;<strong>el 91% fueron infantes menores de seis meses de edad<\/strong>, es decir, en una etapa en la que la inmunizaci\u00f3n temprana es crucial para su protecci\u00f3n.<\/p>\n\n\n\n<p>El repunte se produce en un contexto de&nbsp;<strong>ca\u00edda sostenida en la cobertura de vacunaci\u00f3n infantil<\/strong>, una situaci\u00f3n que, seg\u00fan expertos en salud p\u00fablica, ha debilitado la inmunidad colectiva y generado condiciones para el resurgimiento de enfermedades prevenibles.<\/p>\n\n\n\n<h3 class=\"wp-block-heading\"><strong>Ca\u00edda en cobertura y presupuesto<\/strong><\/h3>\n\n\n\n<p>En 2018 se aplicaron&nbsp;<strong>m\u00e1s de 6.2 millones de vacunas DPT y pentavalentes<\/strong>, que previenen la tos ferina. Para 2023, esa cifra descendi\u00f3 a&nbsp;<strong>5.2 millones<\/strong>, una ca\u00edda del 15% en cinco a\u00f1os. El programa de vacunaci\u00f3n sufri\u00f3 adem\u00e1s recortes presupuestales. De acuerdo con la Cuenta P\u00fablica, el gasto en vacunas pas\u00f3 de&nbsp;<strong>8.6 millones de pesos en 2021 a 4.7 millones en 2024<\/strong>, y para 2025 el presupuesto aprobado&nbsp;<strong>disminuy\u00f3 un 68% respecto al a\u00f1o anterior<\/strong>.<\/p>\n\n\n\n<p>\u201cEste brote no se explica sin considerar el rezago en vacunaci\u00f3n que dej\u00f3 la pandemia de COVID-19, pero tambi\u00e9n las decisiones institucionales que debilitaron la estrategia nacional de inmunizaci\u00f3n\u201d, se\u00f1al\u00f3 Tania Ram\u00edrez, directora de la Red por los Derechos de la Infancia en M\u00e9xico (Redim).<\/p>\n\n\n\n<h3 class=\"wp-block-heading\"><strong>Una crisis anunciada<\/strong><\/h3>\n\n\n\n<p>Los datos oficiales muestran que&nbsp;<strong>la cobertura de la vacuna hexavalente en menores de un a\u00f1o cay\u00f3 de 78% en 2012 a 68.9% entre 2021 y 2023<\/strong>, seg\u00fan la Encuesta Nacional de Salud y Nutrici\u00f3n (ENSANUT). Solo en ese \u00faltimo periodo,&nbsp;<strong>81 mil ni\u00f1as y ni\u00f1os no recibieron su primera dosis de DPT<\/strong>.<\/p>\n\n\n\n<p>La Secretar\u00eda de Salud no compr\u00f3 biol\u00f3gicos DPT en 2019, lo que dej\u00f3&nbsp;<strong>a 502 mil ni\u00f1os sin vacunar ese a\u00f1o<\/strong>, equiparando a M\u00e9xico con pa\u00edses de bajos ingresos como Angola. Entre 2019 y 2021, m\u00e1s de&nbsp;<strong>6.8 millones de ni\u00f1os de cuatro a\u00f1os<\/strong>&nbsp;no recibieron su refuerzo, seg\u00fan datos publicados por&nbsp;<em>Animal Pol\u00edtico<\/em>.<\/p>\n\n\n\n<p>Ese mismo a\u00f1o, se&nbsp;<strong>cancel\u00f3 la Tercera Semana Nacional de Salud<\/strong>, que se celebraba tradicionalmente en octubre y permit\u00eda reforzar la aplicaci\u00f3n de biol\u00f3gicos en todo el pa\u00eds. En su lugar, se instauraron las&nbsp;<strong>Jornadas Nacionales de Salud P\u00fablica<\/strong>, con menor alcance, menos recursos y una periodicidad reducida a solo dos veces por a\u00f1o.<\/p>\n\n\n\n<h3 class=\"wp-block-heading\"><strong>Expertos advierten sobre consecuencias<\/strong><\/h3>\n\n\n\n<p>\u201cLo que estamos viendo es el resultado de una baja en la cobertura y en la inmunidad de grupo. Cuando el n\u00famero de no vacunados supera cierto umbral, ocurren brotes como este\u201d, advirti\u00f3&nbsp;<strong>Carlos Pantoja<\/strong>, del Departamento de Salud P\u00fablica de la UNAM.<\/p>\n\n\n\n<p>El neum\u00f3logo&nbsp;<strong>Gustavo Rosales<\/strong>&nbsp;apunt\u00f3 que la suspensi\u00f3n de campa\u00f1as de vacunaci\u00f3n y la disminuci\u00f3n del contacto social durante la pandemia redujeron la exposici\u00f3n del sistema inmune a agentes infecciosos, afectando la memoria inmunol\u00f3gica de la poblaci\u00f3n.<\/p>\n\n\n\n<p>\u201cCuando rompimos el aislamiento y volvimos a reunirnos, nos hicimos m\u00e1s sensibles a infecciones como la tos ferina\u201d, explic\u00f3 Rosales.<\/p>\n\n\n\n<h3 class=\"wp-block-heading\"><strong>Urge recuperaci\u00f3n de la estrategia<\/strong><\/h3>\n\n\n\n<p>El secretario de Salud,&nbsp;<strong>David Kershenobich<\/strong>, reconoci\u00f3 la gravedad del problema y anunci\u00f3 el&nbsp;<strong>regreso de la Semana Nacional de Vacunaci\u00f3n<\/strong>. El objetivo, dijo, es alcanzar una cobertura del&nbsp;<strong>90% en la poblaci\u00f3n infantil<\/strong>, especialmente frente a enfermedades como la tos ferina y el sarampi\u00f3n.<\/p>\n\n\n\n<p>\u201cEl \u00fanico mecanismo efectivo para prevenir esta enfermedad es la vacunaci\u00f3n. Necesitamos campa\u00f1as permanentes, cobertura amplia y vigilancia activa\u201d, subray\u00f3 el infect\u00f3logo&nbsp;<strong>Alejandro Mac\u00edas<\/strong>, quien tambi\u00e9n destac\u00f3 que el n\u00famero de muertes en menores de un a\u00f1o evidencia que el problema no es solo de mejor detecci\u00f3n, sino de un mayor n\u00famero real de contagios.<\/p>\n\n\n\n<h3 class=\"wp-block-heading\"><strong>Una se\u00f1al de alerta<\/strong><\/h3>\n\n\n\n<p>El brote de tos ferina y los fallecimientos infantiles deben ser considerados una se\u00f1al cr\u00edtica de lo que puede suceder si no se garantiza el acceso universal y oportuno a las vacunas. Expertos, acad\u00e9micos y organizaciones civiles coinciden en que\u00a0<strong>no hay justificaci\u00f3n<\/strong>\u00a0para que el esquema b\u00e1sico de vacunaci\u00f3n no est\u00e9 plenamente garantizado para la ni\u00f1ez mexicana en 2025.<\/p>\n\n\n\n<p><strong>\u00bfQu\u00e9 es la tos ferina y cu\u00e1les son sus s\u00edntomas?<\/strong><\/p>\n\n\n\n<p>La tos ferina, tambi\u00e9n conocida como pertussis, es una enfermedad respiratoria altamente contagiosa causada por la bacteria <em>Bordetella pertussis<\/em>. Aunque puede afectar a personas de todas las edades, representa un riesgo mayor para los beb\u00e9s y ni\u00f1os peque\u00f1os, especialmente aquellos que no han recibido el esquema completo de vacunaci\u00f3n. La enfermedad se transmite a trav\u00e9s del aire, al toser o estornudar, y puede propagarse r\u00e1pidamente en entornos cerrados como escuelas y guarder\u00edas.<\/p>\n\n\n\n<p>En sus primeras etapas, la tos ferina puede parecer un resfriado com\u00fan, con s\u00edntomas como congesti\u00f3n nasal, estornudos, fiebre leve y tos ocasional. Sin embargo, con el paso de los d\u00edas, la tos se intensifica y se vuelve persistente, caracterizada por ataques violentos que pueden terminar en un sonido agudo al inhalar, conocido como \u201cgallo\u201d. Estos episodios pueden provocar v\u00f3mito, fatiga extrema e incluso dificultad para respirar, sobre todo en menores de seis meses.<\/p>\n\n\n\n<p>La mejor forma de prevenir la tos ferina es mediante la vacunaci\u00f3n con la DPT (difteria, tos ferina y t\u00e9tanos), aplicada desde los primeros meses de vida. Las autoridades de salud recomiendan mantener al d\u00eda el esquema de vacunas y reforzarlo en la adolescencia y edad adulta. Ante la presencia de s\u00edntomas persistentes, especialmente en ni\u00f1os, se debe acudir de inmediato al m\u00e9dico para un diagn\u00f3stico oportuno y tratamiento con antibi\u00f3ticos que ayuden a reducir la duraci\u00f3n y la propagaci\u00f3n de la enfermedad.<\/p>\n","protected":false},"excerpt":{"rendered":"<p>Ciudad de M\u00e9xico.- M\u00e9xico enfrenta el mayor brote de tos ferina en los \u00faltimos siete&#8230;<\/p>\n","protected":false},"author":1,"featured_media":2983215,"comment_status":"closed","ping_status":"closed","sticky":false,"template":"","format":"standard","meta":{"footnotes":""},"categories":[1],"tags":[],"class_list":["post-2983214","post","type-post","status-publish","format-standard","has-post-thumbnail","hentry","category-uncategorized"],"_links":{"self":[{"href":"https:\/\/agpnoticias.com\/news\/index.php?rest_route=\/wp\/v2\/posts\/2983214","targetHints":{"allow":["GET"]}}],"collection":[{"href":"https:\/\/agpnoticias.com\/news\/index.php?rest_route=\/wp\/v2\/posts"}],"about":[{"href":"https:\/\/agpnoticias.com\/news\/index.php?rest_route=\/wp\/v2\/types\/post"}],"author":[{"embeddable":true,"href":"https:\/\/agpnoticias.com\/news\/index.php?rest_route=\/wp\/v2\/users\/1"}],"replies":[{"embeddable":true,"href":"https:\/\/agpnoticias.com\/news\/index.php?rest_route=%2Fwp%2Fv2%2Fcomments&post=2983214"}],"version-history":[{"count":1,"href":"https:\/\/agpnoticias.com\/news\/index.php?rest_route=\/wp\/v2\/posts\/2983214\/revisions"}],"predecessor-version":[{"id":2983216,"href":"https:\/\/agpnoticias.com\/news\/index.php?rest_route=\/wp\/v2\/posts\/2983214\/revisions\/2983216"}],"wp:featuredmedia":[{"embeddable":true,"href":"https:\/\/agpnoticias.com\/news\/index.php?rest_route=\/wp\/v2\/media\/2983215"}],"wp:attachment":[{"href":"https:\/\/agpnoticias.com\/news\/index.php?rest_route=%2Fwp%2Fv2%2Fmedia&parent=2983214"}],"wp:term":[{"taxonomy":"category","embeddable":true,"href":"https:\/\/agpnoticias.com\/news\/index.php?rest_route=%2Fwp%2Fv2%2Fcategories&post=2983214"},{"taxonomy":"post_tag","embeddable":true,"href":"https:\/\/agpnoticias.com\/news\/index.php?rest_route=%2Fwp%2Fv2%2Ftags&post=2983214"}],"curies":[{"name":"wp","href":"https:\/\/api.w.org\/{rel}","templated":true}]}}