{"id":2983273,"date":"2025-05-13T09:46:15","date_gmt":"2025-05-13T16:46:15","guid":{"rendered":"https:\/\/agpnoticias.com\/news\/?p=2983273"},"modified":"2025-05-13T09:46:17","modified_gmt":"2025-05-13T16:46:17","slug":"ancelotti-frente-al-final-de-su-espectacular-aventura-en-el-madrid-me-gusta-mucho-xabi-alonso","status":"publish","type":"post","link":"https:\/\/agpnoticias.com\/news\/?p=2983273","title":{"rendered":"Ancelotti frente al final de su \u201cespectacular aventura\u201d en el Madrid: \u201cMe gusta mucho (Xabi) Alonso\u201d"},"content":{"rendered":"\n<p>Madrid, Espa\u00f1a.- Carlo Ancelotti quiere terminar su \u201cespectacular aventura\u201d con el Real Madrid con una nota alta antes de centrar su atenci\u00f3n en su nuevo trabajo con el pentacampe\u00f3n mundial Brasil.<\/p>\n\n\n\n<p>Hablando por primera vez desde que Brasil lo anunci\u00f3 como su pr\u00f3ximo entrenador, Ancelotti dijo el martes que quiere permanecer completamente concentrado en Madrid en sus \u00faltimas dos semanas a cargo de la potencia espa\u00f1ola.<\/p>\n\n\n\n<p>El italiano de 65 a\u00f1os no hab\u00eda hecho comentarios sobre el movimiento hasta que le preguntaron al respecto en una conferencia de prensa antes del pr\u00f3ximo partido de la liga espa\u00f1ola de Madrid contra Mallorca el mi\u00e9rcoles.<\/p>\n\n\n\n<p>\u201cSiento un gran respeto por este club, esta afici\u00f3n y estos jugadores, y estoy totalmente concentrado en terminar la \u00faltima parte de esta espectacular aventura\u201d, declar\u00f3 Ancelotti. \u201cA partir del 26 de mayo empezar\u00e9 a entrenar a Brasil, lo que supondr\u00e1 un gran reto personal, pero hasta entonces seguir\u00e9 entrenando al Real Madrid y quiero terminarlo de la mejor manera posible\u201d.<\/p>\n\n\n\n<p>Ancelotti afirm\u00f3 que lo dar\u00e1 todo para ayudar al Madrid a terminar bien en la liga espa\u00f1ola, aunque tiene pocas posibilidades de defender su t\u00edtulo. Los dos \u00faltimos partidos de liga del club ser\u00e1n contra el Sevilla el domingo y contra la Real Sociedad el 25 de mayo.<\/p>\n\n\n\n<p>\u201cTengo muy claro lo que tengo que hacer durante las pr\u00f3ximas semanas\u201d, dijo Ancelotti. \u201cTengo que prepararme para el partido de ma\u00f1ana, luego para el del fin de semana y luego para el partido contra la Real Sociedad. El 26 de mayo tendr\u00e9 algo m\u00e1s que hacer y entonces empezar\u00e9 a pensar en ello\u201d.<\/p>\n\n\n\n<p>Se espera que el exjugador del Madrid Xabi Alonso asuma el puesto de entrenador despu\u00e9s de confirmar que deja el Bayer Leverkusen , pero el club espa\u00f1ol a\u00fan no ha anunciado al sucesor de Ancelotti.<\/p>\n\n\n\n<p>\u201cMe gusta mucho Alonso\u201d, dijo Ancelotti al ser preguntado sobre el excentrocampista. \u201cNo tengo ning\u00fan consejo para \u00e9l porque ya tiene todas las herramientas necesarias para convertirse en un gran entrenador en el futuro\u201d.<\/p>\n\n\n\n<p>Ancelotti, ataviado como es habitual con la indumentaria del Madrid, se mostr\u00f3 relajado mientras dirig\u00eda la sesi\u00f3n de entrenamiento del equipo en la ciudad deportiva del club.<\/p>\n\n\n\n<p>El Madrid no hab\u00eda hecho ninguna reacci\u00f3n o comunicado sobre su entrenador desde el anuncio de Brasil, y tampoco hubo mensajes de despedida o felicitaci\u00f3n para Ancelotti.<\/p>\n\n\n\n<p>\u201cEl club har\u00e1 el anuncio cuando quiera\u201d, dijo Ancelotti. \u201cNo veo ning\u00fan problema\u201d.<\/p>\n\n\n\n<p>Ancelotti hab\u00eda declarado previamente que nunca se ir\u00eda del Madrid a menos que el club decidiera hacer un cambio. El martes, declar\u00f3 que la relaci\u00f3n lleg\u00f3 a su fin de forma natural.<\/p>\n\n\n\n<p>\u201cNunca sent\u00ed que el Madrid no me quisiera\u201d, dijo Ancelotti. \u201cSon cosas normales en la vida; no podr\u00eda ser entrenador del Madrid para siempre. Hay un momento en que las cosas tienen que terminar, por varias razones. Quiz\u00e1s el club necesitaba un nuevo impulso, quiz\u00e1s el entrenador necesitaba un nuevo impulso. Es normal, no hay necesidad de hacer un drama sobre esto. Estoy enormemente agradecido a este club y cada uno seguir\u00e1 su camino. Es una \u00e9poca espectacular que est\u00e1 llegando a su fin\u201d.<\/p>\n\n\n\n<p>El Madrid perdi\u00f3 su cuarto partido consecutivo contra el Barcelona el domingo, una derrota por 4-3 tras ir ganando por dos goles , y sus opciones de t\u00edtulo en la liga pr\u00e1cticamente se esfumaron. El Madrid qued\u00f3 a siete puntos del club catal\u00e1n a falta de tres jornadas. Una derrota o un empate contra el Mallorca el mi\u00e9rcoles le dar\u00eda el t\u00edtulo al Barcelona. El Barcelona visita a su rival local, el Espanyol, el jueves.<\/p>\n\n\n\n<p>\u201cNo queremos entregarle la liga a nuestro rival\u201d, dijo Ancelotti. \u201cNecesitamos hacerlo bien en estos tres \u00faltimos partidos\u201d.<\/p>\n\n\n\n<p>Ancelotti se marcha despu\u00e9s de cuatro a\u00f1os mayoritariamente exitosos en su segunda etapa en el Madrid, que gan\u00f3 tanto la Liga de Campeones como la liga espa\u00f1ola la temporada pasada.<\/p>\n\n\n\n<p>Ancelotti tambi\u00e9n entren\u00f3 al club entre 2013 y 2015. En total, dirigi\u00f3 al Madrid en 350 partidos y lo ayud\u00f3 a ganar tres Ligas de Campeones, tres Mundiales de Clubes, dos Ligas Espa\u00f1olas, dos Copas del Rey, tres Supercopas de Europa y dos Supercopas de Espa\u00f1a.<\/p>\n\n\n\n<p>El Madrid comenz\u00f3 la temporada con la Supercopa de la UEFA, pero desde entonces ha tenido dificultades. Muchos aficionados madridistas culparon a Ancelotti de su relativamente mala temporada, alegando que perdi\u00f3 el control del equipo y no logr\u00f3 prepararlo para los cl\u00e1sicos contra el Barcelona.<\/p>\n\n\n\n<p>Dijo que entend\u00eda si los fan\u00e1ticos estaban molestos por su negociaci\u00f3n con Brasil durante la temporada, pero que ese tipo de tratos eran normales en el f\u00fatbol.<\/p>\n\n\n\n<p>Admiti\u00f3 que \u201cno todo sali\u00f3 perfecto\u201d, pero sinti\u00f3 que los aficionados no olvidar\u00e1n pronto algunas \u201cnoches maravillosas en el Bernab\u00e9u\u201d durante su etapa.<\/p>\n\n\n\n<p>No me arrepiento de nada. Lo he pasado genial aqu\u00ed y quiero seguir pas\u00e1ndolo genial en estos \u00faltimos 15 d\u00edas. Lo di todo, y los t\u00edtulos hablan por s\u00ed solos \u2014dijo Ancelotti\u2014. S\u00ed, quer\u00eda ganar otra Liga Espa\u00f1ola y otra Champions League, pero estoy muy contento con lo que ha pasado.<\/p>\n\n\n\n<p><em>Informaci\u00f3n: AP.<\/em><\/p>\n","protected":false},"excerpt":{"rendered":"<p>Madrid, Espa\u00f1a.- Carlo Ancelotti quiere terminar su \u201cespectacular aventura\u201d con el Real Madrid con una&#8230;<\/p>\n","protected":false},"author":1,"featured_media":2983274,"comment_status":"closed","ping_status":"closed","sticky":false,"template":"","format":"standard","meta":{"footnotes":""},"categories":[32,1144,1151],"tags":[],"class_list":["post-2983273","post","type-post","status-publish","format-standard","has-post-thumbnail","hentry","category-soccer","category-futbol-internacional","category-portada"],"_links":{"self":[{"href":"https:\/\/agpnoticias.com\/news\/index.php?rest_route=\/wp\/v2\/posts\/2983273","targetHints":{"allow":["GET"]}}],"collection":[{"href":"https:\/\/agpnoticias.com\/news\/index.php?rest_route=\/wp\/v2\/posts"}],"about":[{"href":"https:\/\/agpnoticias.com\/news\/index.php?rest_route=\/wp\/v2\/types\/post"}],"author":[{"embeddable":true,"href":"https:\/\/agpnoticias.com\/news\/index.php?rest_route=\/wp\/v2\/users\/1"}],"replies":[{"embeddable":true,"href":"https:\/\/agpnoticias.com\/news\/index.php?rest_route=%2Fwp%2Fv2%2Fcomments&post=2983273"}],"version-history":[{"count":1,"href":"https:\/\/agpnoticias.com\/news\/index.php?rest_route=\/wp\/v2\/posts\/2983273\/revisions"}],"predecessor-version":[{"id":2983275,"href":"https:\/\/agpnoticias.com\/news\/index.php?rest_route=\/wp\/v2\/posts\/2983273\/revisions\/2983275"}],"wp:featuredmedia":[{"embeddable":true,"href":"https:\/\/agpnoticias.com\/news\/index.php?rest_route=\/wp\/v2\/media\/2983274"}],"wp:attachment":[{"href":"https:\/\/agpnoticias.com\/news\/index.php?rest_route=%2Fwp%2Fv2%2Fmedia&parent=2983273"}],"wp:term":[{"taxonomy":"category","embeddable":true,"href":"https:\/\/agpnoticias.com\/news\/index.php?rest_route=%2Fwp%2Fv2%2Fcategories&post=2983273"},{"taxonomy":"post_tag","embeddable":true,"href":"https:\/\/agpnoticias.com\/news\/index.php?rest_route=%2Fwp%2Fv2%2Ftags&post=2983273"}],"curies":[{"name":"wp","href":"https:\/\/api.w.org\/{rel}","templated":true}]}}