{"id":2983276,"date":"2025-05-13T10:54:29","date_gmt":"2025-05-13T17:54:29","guid":{"rendered":"https:\/\/agpnoticias.com\/news\/?p=2983276"},"modified":"2025-05-13T10:54:33","modified_gmt":"2025-05-13T17:54:33","slug":"graba-acoso-de-taxista-en-torreon","status":"publish","type":"post","link":"https:\/\/agpnoticias.com\/news\/?p=2983276","title":{"rendered":"Graba acoso de taxista en Torre\u00f3n"},"content":{"rendered":"\n<p>Torre\u00f3n, Coahuila.- Una usuaria identificada como Sarah denunci\u00f3 a trav\u00e9s de redes sociales el acoso verbal que sufri\u00f3 por parte de un taxista durante un trayecto en Torre\u00f3n.<\/p>\n\n\n\n<p>El incidente fue documentado en video y publicado en la plataforma TikTok, donde r\u00e1pidamente se viraliz\u00f3 y gener\u00f3 una oleada de reacciones por parte de otras mujeres que relataron experiencias similares.<\/p>\n\n\n\n<p>La joven relat\u00f3 en la descripci\u00f3n del video que decidi\u00f3 tomar un taxi debido a que ten\u00eda prisa por llegar a su trabajo, a pesar de que no suele utilizar este tipo de transporte por motivos de seguridad.<\/p>\n\n\n\n<p>Seg\u00fan su testimonio, comenz\u00f3 a sentirse inc\u00f3moda con la actitud del conductor, quien dejaba de prestar atenci\u00f3n al camino para observarla insistentemente mientras le dirig\u00eda comentarios inc\u00f3modos.<\/p>\n\n\n\n<p>\u201cTuve una p\u00e9sima experiencia en un taxi, no suelo tomarlos por seguridad, pero llevaba prisa de llegar a mi trabajo. Ya me han pasado cosas similares, pero comenc\u00e9 a sospechar que me iba a decir algo este se\u00f1or porque me hablaba y dejaba de manejar para voltearme a ver de arriba abajo\u201d, escribi\u00f3 la usuaria como introducci\u00f3n a su video.<\/p>\n\n\n\n<p>En el material audiovisual, se observa a Sarah visiblemente nerviosa. En el texto que acompa\u00f1a la grabaci\u00f3n, explic\u00f3 que su reacci\u00f3n, interpretada por algunos como una sonrisa, fue producto del miedo.<\/p>\n\n\n\n<p>\u201cAntes de juzgar el por qu\u00e9 sonre\u00eda, era de nervios. Nadie est\u00e1 preparado para estas situaciones, pero yo s\u00e9 que cuando te comportas indiferente con ellos puede resultar peor para nosotras\u201d, indic\u00f3.<\/p>\n\n\n\n<p>Sarah tambi\u00e9n advirti\u00f3 a otras usuarias sobre la importancia de verificar la matr\u00edcula del veh\u00edculo y la licencia del conductor antes de abordar.<\/p>\n\n\n\n<p>\u201cAfortunadamente solo fue la \u2018mala experiencia\u2019 con este se\u00f1or. No tomen taxis sin ver matr\u00edculas y licencia de taxi, yo de los nervios no vi nada, pero ojal\u00e1 puedan reconocer su voz\u201d, escribi\u00f3.<\/p>\n\n\n\n<p>La publicaci\u00f3n fue ampliamente compartida y comentada. Diversas usuarias expresaron solidaridad con la joven y compartieron casos en los que tambi\u00e9n recurrieron a respuestas amables como mecanismo de defensa en situaciones de acoso.<\/p>\n\n\n\n<p>Una de las usuarias coment\u00f3: \u201cNo te preocupes cuando pasa eso todas sonre\u00edmos de nervios s\u00ed o s\u00ed, me ha pasado\u201d. Otra se\u00f1al\u00f3: \u201cEl acoso verbal existe y este video es un claro ejemplo, se ve y se siente la forma de querer saber datos personales de la persona en cuesti\u00f3n y eso no es normal\u201d.<\/p>\n\n\n\n<p>Las reacciones al video tambi\u00e9n se\u00f1alaron que este tipo de situaciones reflejan la cotidianidad del acoso para muchas mujeres en el pa\u00eds, especialmente en espacios p\u00fablicos y servicios de transporte.<\/p>\n\n\n\n<p>La mayor\u00eda de los comentarios coincidieron en que mantener una actitud pasiva o evasiva frente a este tipo de conductas suele ser una estrategia de autoprotecci\u00f3n ante el temor de que la situaci\u00f3n escale a violencia f\u00edsica.<\/p>\n\n\n\n<p>En el video, la joven no proporciona datos personales del conductor, pero hace un llamado a la identificaci\u00f3n del individuo a trav\u00e9s de su voz. Las autoridades municipales no se han pronunciado oficialmente sobre el caso ni sobre posibles acciones para reforzar los protocolos de seguridad en el servicio de transporte p\u00fablico.<\/p>\n\n\n\n<p>El caso se suma a una creciente serie de denuncias realizadas en redes sociales por mujeres que han documentado y compartido experiencias de acoso en diversas ciudades del pa\u00eds. La viralizaci\u00f3n de estos videos ha provocado discusiones p\u00fablicas sobre la necesidad de implementar mayores controles y sanciones a conductores de transporte p\u00fablico que incurren en conductas inapropiadas.<\/p>\n","protected":false},"excerpt":{"rendered":"<p>Torre\u00f3n, Coahuila.- Una usuaria identificada como Sarah denunci\u00f3 a trav\u00e9s de redes sociales el acoso&#8230;<\/p>\n","protected":false},"author":1,"featured_media":2983277,"comment_status":"closed","ping_status":"closed","sticky":false,"template":"","format":"standard","meta":{"footnotes":""},"categories":[1],"tags":[],"class_list":["post-2983276","post","type-post","status-publish","format-standard","has-post-thumbnail","hentry","category-uncategorized"],"_links":{"self":[{"href":"https:\/\/agpnoticias.com\/news\/index.php?rest_route=\/wp\/v2\/posts\/2983276","targetHints":{"allow":["GET"]}}],"collection":[{"href":"https:\/\/agpnoticias.com\/news\/index.php?rest_route=\/wp\/v2\/posts"}],"about":[{"href":"https:\/\/agpnoticias.com\/news\/index.php?rest_route=\/wp\/v2\/types\/post"}],"author":[{"embeddable":true,"href":"https:\/\/agpnoticias.com\/news\/index.php?rest_route=\/wp\/v2\/users\/1"}],"replies":[{"embeddable":true,"href":"https:\/\/agpnoticias.com\/news\/index.php?rest_route=%2Fwp%2Fv2%2Fcomments&post=2983276"}],"version-history":[{"count":1,"href":"https:\/\/agpnoticias.com\/news\/index.php?rest_route=\/wp\/v2\/posts\/2983276\/revisions"}],"predecessor-version":[{"id":2983278,"href":"https:\/\/agpnoticias.com\/news\/index.php?rest_route=\/wp\/v2\/posts\/2983276\/revisions\/2983278"}],"wp:featuredmedia":[{"embeddable":true,"href":"https:\/\/agpnoticias.com\/news\/index.php?rest_route=\/wp\/v2\/media\/2983277"}],"wp:attachment":[{"href":"https:\/\/agpnoticias.com\/news\/index.php?rest_route=%2Fwp%2Fv2%2Fmedia&parent=2983276"}],"wp:term":[{"taxonomy":"category","embeddable":true,"href":"https:\/\/agpnoticias.com\/news\/index.php?rest_route=%2Fwp%2Fv2%2Fcategories&post=2983276"},{"taxonomy":"post_tag","embeddable":true,"href":"https:\/\/agpnoticias.com\/news\/index.php?rest_route=%2Fwp%2Fv2%2Ftags&post=2983276"}],"curies":[{"name":"wp","href":"https:\/\/api.w.org\/{rel}","templated":true}]}}