{"id":2983749,"date":"2025-05-23T11:49:53","date_gmt":"2025-05-23T18:49:53","guid":{"rendered":"https:\/\/agpnoticias.com\/news\/?p=2983749"},"modified":"2025-05-23T11:49:55","modified_gmt":"2025-05-23T18:49:55","slug":"quien-es-isaac-del-toro-el-aguila-real-de-ensenada-que-conquista-europa","status":"publish","type":"post","link":"https:\/\/agpnoticias.com\/news\/?p=2983749","title":{"rendered":"\u00bfQuien es Isaac del Toro, el \u00c1guila Real de Ensenada que conquista Europa?"},"content":{"rendered":"\n<p>Ensenada, Baja California.- De las monta\u00f1as de Ensenada a las cumbres del ciclismo mundial. As\u00ed podr\u00eda resumirse la historia de <strong>Isaac del Toro Romero<\/strong>, el joven mexicano que ha capturado la atenci\u00f3n del planeta al enfundarse la <strong>maglia rosa<\/strong> en el <strong>Giro de Italia 2025<\/strong>, convirti\u00e9ndose en el primer ciclista mexicano en liderar esta hist\u00f3rica competencia.<\/p>\n\n\n\n<p>Con solo <strong>21 a\u00f1os<\/strong>, Del Toro no solo representa una promesa del ciclismo nacional, sino una realidad internacional que ya ha marcado varios hitos en su corta, pero impactante carrera.<\/p>\n\n\n\n<h3 class=\"wp-block-heading\">De Ensenada al pelot\u00f3n internacional<\/h3>\n\n\n\n<p>Nacido el <strong>27 de noviembre de 2003<\/strong> en <strong>Ensenada, Baja California<\/strong>, Isaac creci\u00f3 rodeado de naturaleza. Desde ni\u00f1o se interes\u00f3 por el ciclismo de monta\u00f1a, el ciclocross y las rutas guiadas, disciplinas que no solo forjaron su f\u00edsico, sino tambi\u00e9n una mentalidad competitiva que hoy lo distingue en el pelot\u00f3n profesional.<\/p>\n\n\n\n<p>Con <strong>1.80 metros de estatura y 64 kilos de peso<\/strong>, su complexi\u00f3n es ideal para enfrentar las exigencias de carreras de gran fondo. Pero m\u00e1s all\u00e1 de lo f\u00edsico, lo que lo ha llevado a este punto es su disciplina, madurez y un instinto nato para la estrategia sobre la bicicleta.<\/p>\n\n\n\n<h3 class=\"wp-block-heading\">El salto profesional<\/h3>\n\n\n\n<p>Isaac comenz\u00f3 su camino competitivo en 2019 con el equipo <strong>A.R. Monex Pro Cycling Team<\/strong>, orientado a desarrollar talentos j\u00f3venes en la categor\u00eda Sub-23. Su evoluci\u00f3n fue tan s\u00f3lida que en 2023 dio el salto al profesionalismo, ingresando al poderoso <strong>UAE Team Emirates<\/strong>, el mismo equipo del ganador del Tour de Francia Tadej Poga?ar.<\/p>\n\n\n\n<p>Su gran irrupci\u00f3n lleg\u00f3 en <strong>marzo de 2025<\/strong>, cuando se convirti\u00f3 en el <strong>primer mexicano en ganar la cl\u00e1sica Milano-Torino<\/strong>, una de las competencias m\u00e1s antiguas del mundo. Con tan solo 21 a\u00f1os, tambi\u00e9n fue el m\u00e1s joven del planeta en lograrlo.<\/p>\n\n\n\n<h3 class=\"wp-block-heading\">La maglia rosa y la historia<\/h3>\n\n\n\n<p>El <strong>Giro de Italia 2025<\/strong> lo catapult\u00f3 al estrellato cuando, en la <strong>etapa 9 que finaliz\u00f3 en Siena<\/strong>, se adue\u00f1\u00f3 del liderato general. Desde entonces, ha defendido con coraje la <strong>maglia rosa<\/strong>, s\u00edmbolo de liderazgo desde 1931 en esta ic\u00f3nica carrera.<\/p>\n\n\n\n<p>El <strong>viernes 23 de mayo<\/strong> de 2025, Isaac volvi\u00f3 a figurar en el podio con un <strong>tercer lugar en la etapa 13<\/strong>, consolidando su posici\u00f3n al frente de la clasificaci\u00f3n general. Su rendimiento ha sido s\u00f3lido, estrat\u00e9gico y con una madurez que pocos anticipaban.<\/p>\n\n\n\n<h3 class=\"wp-block-heading\">Rumbo a Los \u00c1ngeles 2028<\/h3>\n\n\n\n<p>Con cada pedalazo, Isaac del Toro se perfila como uno de los grandes candidatos mexicanos a brillar en los <strong>Juegos Ol\u00edmpicos de Los \u00c1ngeles 2028<\/strong>. Su juventud, su formaci\u00f3n en el alto rendimiento europeo y su capacidad de adaptaci\u00f3n lo convierten en una carta fuerte para el futuro del ciclismo mexicano.<\/p>\n","protected":false},"excerpt":{"rendered":"<p>Ensenada, Baja California.- De las monta\u00f1as de Ensenada a las cumbres del ciclismo mundial. As\u00ed&#8230;<\/p>\n","protected":false},"author":1,"featured_media":2983750,"comment_status":"closed","ping_status":"closed","sticky":false,"template":"","format":"standard","meta":{"footnotes":""},"categories":[1152],"tags":[],"class_list":["post-2983749","post","type-post","status-publish","format-standard","has-post-thumbnail","hentry","category-editor-seleccion"],"_links":{"self":[{"href":"https:\/\/agpnoticias.com\/news\/index.php?rest_route=\/wp\/v2\/posts\/2983749","targetHints":{"allow":["GET"]}}],"collection":[{"href":"https:\/\/agpnoticias.com\/news\/index.php?rest_route=\/wp\/v2\/posts"}],"about":[{"href":"https:\/\/agpnoticias.com\/news\/index.php?rest_route=\/wp\/v2\/types\/post"}],"author":[{"embeddable":true,"href":"https:\/\/agpnoticias.com\/news\/index.php?rest_route=\/wp\/v2\/users\/1"}],"replies":[{"embeddable":true,"href":"https:\/\/agpnoticias.com\/news\/index.php?rest_route=%2Fwp%2Fv2%2Fcomments&post=2983749"}],"version-history":[{"count":1,"href":"https:\/\/agpnoticias.com\/news\/index.php?rest_route=\/wp\/v2\/posts\/2983749\/revisions"}],"predecessor-version":[{"id":2983751,"href":"https:\/\/agpnoticias.com\/news\/index.php?rest_route=\/wp\/v2\/posts\/2983749\/revisions\/2983751"}],"wp:featuredmedia":[{"embeddable":true,"href":"https:\/\/agpnoticias.com\/news\/index.php?rest_route=\/wp\/v2\/media\/2983750"}],"wp:attachment":[{"href":"https:\/\/agpnoticias.com\/news\/index.php?rest_route=%2Fwp%2Fv2%2Fmedia&parent=2983749"}],"wp:term":[{"taxonomy":"category","embeddable":true,"href":"https:\/\/agpnoticias.com\/news\/index.php?rest_route=%2Fwp%2Fv2%2Fcategories&post=2983749"},{"taxonomy":"post_tag","embeddable":true,"href":"https:\/\/agpnoticias.com\/news\/index.php?rest_route=%2Fwp%2Fv2%2Ftags&post=2983749"}],"curies":[{"name":"wp","href":"https:\/\/api.w.org\/{rel}","templated":true}]}}