{"id":2983763,"date":"2025-05-23T19:13:39","date_gmt":"2025-05-24T02:13:39","guid":{"rendered":"https:\/\/agpnoticias.com\/news\/?p=2983763"},"modified":"2025-05-23T19:19:34","modified_gmt":"2025-05-24T02:19:34","slug":"un-asco-el-estado-de-la-unidad-vida-digna-a-cargo-de-inmudere-claudia-agaton","status":"publish","type":"post","link":"https:\/\/agpnoticias.com\/news\/?p=2983763","title":{"rendered":"\u201cUn asco\u201d el estado de la Unidad Vida Digna, a cargo de Inmudere: Claudia Agat\u00f3n"},"content":{"rendered":"\n<p>Ensenada, Baja California.- \u201cUn asco\u201d. As\u00ed calific\u00f3 la alcaldesa Claudia Agat\u00f3n el estado de la Unidad Deportiva Vida Digna, a donde asisti\u00f3 pues la direcci\u00f3n del Instituto Municipal del Deporte y Recreaci\u00f3n de Ensenada (INMUDERE), a cargo de V\u00edctor Gonz\u00e1lez, acumul\u00f3 un adeudo de tres meses que deriv\u00f3 en el corte de energ\u00eda el\u00e9ctrica.<\/p>\n\n\n\n<p>\u201cInmudere es un tema que traigo todos los d\u00edas. Ya tenemos que optar por tomar medidas\u201d, dijo frente a la pausa en las actividades dentro de la alberca de ese espacio, por la suspensi\u00f3n del servicio.<\/p>\n\n\n\n<p>\u201cNo puedo entender c\u00f3mo no hubo luz tres meses. Ya estamos en una ruta de investigaci\u00f3n para saber qu\u00e9 provoc\u00f3 que les valiera, que no hubiera inter\u00e9s en conectar la luz\u201d, agreg\u00f3.<\/p>\n\n\n\n<p>Y lament\u00f3 las condiciones de dicha unidad que es administrada por INMUDERE.<\/p>\n\n\n\n<p>\u201cEl lunes empieza la rehabilitaci\u00f3n de las canchas que no hab\u00eda visto y son un asco, no se puede hacer ejercicio, deporte para los ni\u00f1os\u201d, apunt\u00f3.<\/p>\n\n\n\n<figure class=\"wp-block-embed is-type-video is-provider-youtube wp-block-embed-youtube wp-embed-aspect-16-9 wp-has-aspect-ratio\"><div class=\"wp-block-embed__wrapper\">\n<iframe title=\"\u201cUn asco\u201d el estado de unidad deportiva a cargo de Inmudere: Claudia Agat\u00f3n, alcaldesa de Ensenada\" width=\"640\" height=\"360\" src=\"https:\/\/www.youtube.com\/embed\/kb2Lfu7Y4r8?feature=oembed\" frameborder=\"0\" allow=\"accelerometer; autoplay; clipboard-write; encrypted-media; gyroscope; picture-in-picture; web-share\" referrerpolicy=\"strict-origin-when-cross-origin\" allowfullscreen><\/iframe>\n<\/div><\/figure>\n\n\n\n<p><br><\/p>\n","protected":false},"excerpt":{"rendered":"<p>Ensenada, Baja California.- \u201cUn asco\u201d. As\u00ed calific\u00f3 la alcaldesa Claudia Agat\u00f3n el estado de la&#8230;<\/p>\n","protected":false},"author":1,"featured_media":2983764,"comment_status":"closed","ping_status":"closed","sticky":false,"template":"","format":"video","meta":{"footnotes":""},"categories":[7,1146,1152],"tags":[],"class_list":["post-2983763","post","type-post","status-publish","format-video","has-post-thumbnail","hentry","category-deportes","category-ensenada","category-editor-seleccion","post_format-post-format-video"],"_links":{"self":[{"href":"https:\/\/agpnoticias.com\/news\/index.php?rest_route=\/wp\/v2\/posts\/2983763","targetHints":{"allow":["GET"]}}],"collection":[{"href":"https:\/\/agpnoticias.com\/news\/index.php?rest_route=\/wp\/v2\/posts"}],"about":[{"href":"https:\/\/agpnoticias.com\/news\/index.php?rest_route=\/wp\/v2\/types\/post"}],"author":[{"embeddable":true,"href":"https:\/\/agpnoticias.com\/news\/index.php?rest_route=\/wp\/v2\/users\/1"}],"replies":[{"embeddable":true,"href":"https:\/\/agpnoticias.com\/news\/index.php?rest_route=%2Fwp%2Fv2%2Fcomments&post=2983763"}],"version-history":[{"count":2,"href":"https:\/\/agpnoticias.com\/news\/index.php?rest_route=\/wp\/v2\/posts\/2983763\/revisions"}],"predecessor-version":[{"id":2983770,"href":"https:\/\/agpnoticias.com\/news\/index.php?rest_route=\/wp\/v2\/posts\/2983763\/revisions\/2983770"}],"wp:featuredmedia":[{"embeddable":true,"href":"https:\/\/agpnoticias.com\/news\/index.php?rest_route=\/wp\/v2\/media\/2983764"}],"wp:attachment":[{"href":"https:\/\/agpnoticias.com\/news\/index.php?rest_route=%2Fwp%2Fv2%2Fmedia&parent=2983763"}],"wp:term":[{"taxonomy":"category","embeddable":true,"href":"https:\/\/agpnoticias.com\/news\/index.php?rest_route=%2Fwp%2Fv2%2Fcategories&post=2983763"},{"taxonomy":"post_tag","embeddable":true,"href":"https:\/\/agpnoticias.com\/news\/index.php?rest_route=%2Fwp%2Fv2%2Ftags&post=2983763"}],"curies":[{"name":"wp","href":"https:\/\/api.w.org\/{rel}","templated":true}]}}