{"id":2983771,"date":"2025-05-23T19:28:02","date_gmt":"2025-05-24T02:28:02","guid":{"rendered":"https:\/\/agpnoticias.com\/news\/?p=2983771"},"modified":"2025-05-23T19:28:03","modified_gmt":"2025-05-24T02:28:03","slug":"isaac-del-toro-mantiene-la-maglia-rosa-como-lider-del-giro-de-italia","status":"publish","type":"post","link":"https:\/\/agpnoticias.com\/news\/?p=2983771","title":{"rendered":"Isaac del Toro mantiene La Maglia Rosa como l\u00edder del Giro de Italia"},"content":{"rendered":"\n<p>Isaac del Toro se ubic\u00f3 tercero de la Etapa 13 del Giro de Italia apenas por detr\u00e1s de Mads Pedersen (3:50:24) y Wout Van Aert.<\/p>\n\n\n\n<p>El de Ensenada conserva el liderato general con registro de 46:32:59, por delante 38 segundos del sub l\u00edder Juan Ayuso.<\/p>\n\n\n\n<p>A sus 21 a\u00f1os, el ciclista del UAE Team Emirates es el ciclista m\u00e1s joven que conserva por un mayor espacio de tiempo la Maglia Rosa, prenda que distingue al l\u00edder del Giro.<\/p>\n\n\n\n<figure class=\"wp-block-embed is-type-video is-provider-youtube wp-block-embed-youtube wp-embed-aspect-16-9 wp-has-aspect-ratio\"><div class=\"wp-block-embed__wrapper\">\n<iframe title=\"Isaac del Toro mantiene La Maglia Rosa como l\u00edder, disputada la Etapa 13 del Giro de Italia\" width=\"640\" height=\"360\" src=\"https:\/\/www.youtube.com\/embed\/7RwivBkrNkI?feature=oembed\" frameborder=\"0\" allow=\"accelerometer; autoplay; clipboard-write; encrypted-media; gyroscope; picture-in-picture; web-share\" referrerpolicy=\"strict-origin-when-cross-origin\" allowfullscreen><\/iframe>\n<\/div><\/figure>\n","protected":false},"excerpt":{"rendered":"<p>Isaac del Toro se ubic\u00f3 tercero de la Etapa 13 del Giro de Italia apenas&#8230;<\/p>\n","protected":false},"author":1,"featured_media":2983772,"comment_status":"closed","ping_status":"closed","sticky":false,"template":"","format":"video","meta":{"footnotes":""},"categories":[692,1146,1152],"tags":[],"class_list":["post-2983771","post","type-post","status-publish","format-video","has-post-thumbnail","hentry","category-ciclismo","category-ensenada","category-editor-seleccion","post_format-post-format-video"],"_links":{"self":[{"href":"https:\/\/agpnoticias.com\/news\/index.php?rest_route=\/wp\/v2\/posts\/2983771","targetHints":{"allow":["GET"]}}],"collection":[{"href":"https:\/\/agpnoticias.com\/news\/index.php?rest_route=\/wp\/v2\/posts"}],"about":[{"href":"https:\/\/agpnoticias.com\/news\/index.php?rest_route=\/wp\/v2\/types\/post"}],"author":[{"embeddable":true,"href":"https:\/\/agpnoticias.com\/news\/index.php?rest_route=\/wp\/v2\/users\/1"}],"replies":[{"embeddable":true,"href":"https:\/\/agpnoticias.com\/news\/index.php?rest_route=%2Fwp%2Fv2%2Fcomments&post=2983771"}],"version-history":[{"count":1,"href":"https:\/\/agpnoticias.com\/news\/index.php?rest_route=\/wp\/v2\/posts\/2983771\/revisions"}],"predecessor-version":[{"id":2983773,"href":"https:\/\/agpnoticias.com\/news\/index.php?rest_route=\/wp\/v2\/posts\/2983771\/revisions\/2983773"}],"wp:featuredmedia":[{"embeddable":true,"href":"https:\/\/agpnoticias.com\/news\/index.php?rest_route=\/wp\/v2\/media\/2983772"}],"wp:attachment":[{"href":"https:\/\/agpnoticias.com\/news\/index.php?rest_route=%2Fwp%2Fv2%2Fmedia&parent=2983771"}],"wp:term":[{"taxonomy":"category","embeddable":true,"href":"https:\/\/agpnoticias.com\/news\/index.php?rest_route=%2Fwp%2Fv2%2Fcategories&post=2983771"},{"taxonomy":"post_tag","embeddable":true,"href":"https:\/\/agpnoticias.com\/news\/index.php?rest_route=%2Fwp%2Fv2%2Ftags&post=2983771"}],"curies":[{"name":"wp","href":"https:\/\/api.w.org\/{rel}","templated":true}]}}