{"id":2984047,"date":"2025-06-01T07:20:37","date_gmt":"2025-06-01T14:20:37","guid":{"rendered":"https:\/\/agpnoticias.com\/news\/?p=2984047"},"modified":"2025-06-02T16:09:01","modified_gmt":"2025-06-02T23:09:01","slug":"isaac-del-toro-hace-historia-primer-mexicano-en-subir-al-podio-del-giro-de-italia","status":"publish","type":"post","link":"https:\/\/agpnoticias.com\/news\/?p=2984047","title":{"rendered":"Isaac del Toro hace historia,  primer mexicano en subir al podio del Giro de Italia"},"content":{"rendered":"\n<p>Roma, Italia \u2014 Isaac del Toro firm\u00f3 una actuaci\u00f3n hist\u00f3rica este domingo al convertirse en el primer ciclista mexicano en subir al podio del Giro de Italia, finalizando en la segunda posici\u00f3n general de la edici\u00f3n 2025, que concluy\u00f3 con la etapa 21 en Roma.<\/p>\n\n\n\n<figure class=\"wp-block-video\"><video height=\"640\" style=\"aspect-ratio: 360 \/ 640;\" width=\"360\" controls src=\"https:\/\/agpnoticias.com\/news\/wp-content\/uploads\/2025\/06\/ssstwitter.com_1748786639296.mp4\"><\/video><\/figure>\n\n\n\n<p>A sus 21a\u00f1os, el ciclista originario de Ensenada, Baja California, fue la gran revelaci\u00f3n de la competencia. En su debut en una gran vuelta, Del Toro gan\u00f3 la etapa 17, una jornada de alta monta\u00f1a en la que demostr\u00f3 car\u00e1cter para imponerse ante corredores de experiencia mundial.<\/p>\n\n\n\n<p>Adem\u00e1s del triunfo de etapa, el mexicano mantuvo una destacada regularidad, con podios en otras dos etapas (2.\u00ba en la etapa 9 y 3.\u00ba en la etapa 15), lo que le permiti\u00f3 consolidarse como uno de los ciclistas m\u00e1s completos del Giro 2025. Su desempe\u00f1o con el UAE Team Emirates lo mantuvo entre los primeros de la clasificaci\u00f3n general desde la primera semana.<\/p>\n\n\n\n<figure class=\"wp-block-image size-full\"><img fetchpriority=\"high\" decoding=\"async\" width=\"1200\" height=\"800\" src=\"https:\/\/agpnoticias.com\/news\/wp-content\/uploads\/2025\/06\/IMG_4935.jpeg\" alt=\"\" class=\"wp-image-2984049\" srcset=\"https:\/\/agpnoticias.com\/news\/wp-content\/uploads\/2025\/06\/IMG_4935.jpeg 1200w, https:\/\/agpnoticias.com\/news\/wp-content\/uploads\/2025\/06\/IMG_4935-1024x683.jpeg 1024w\" sizes=\"(max-width: 1200px) 100vw, 1200px\" \/><\/figure>\n\n\n\n<p>Al finalizar en Roma, Del Toro comparti\u00f3 un momento emotivo con el campe\u00f3n brit\u00e1nico Simon Yates, con quien intercambi\u00f3 palabras y un gesto de respeto que fue captado por las c\u00e1maras y celebrado por la afici\u00f3n.<\/p>\n\n\n\n<p>La ceremonia de cierre incluy\u00f3 un mensaje de unidad y paz por parte del Papa Le\u00f3n XIV, en un escenario simb\u00f3lico frente al Vaticano.<\/p>\n","protected":false},"excerpt":{"rendered":"<p>Roma, Italia \u2014 Isaac del Toro firm\u00f3 una actuaci\u00f3n hist\u00f3rica este domingo al convertirse en&#8230;<\/p>\n","protected":false},"author":1,"featured_media":2984051,"comment_status":"closed","ping_status":"closed","sticky":false,"template":"","format":"standard","meta":{"footnotes":""},"categories":[692,1151],"tags":[],"class_list":["post-2984047","post","type-post","status-publish","format-standard","has-post-thumbnail","hentry","category-ciclismo","category-portada"],"_links":{"self":[{"href":"https:\/\/agpnoticias.com\/news\/index.php?rest_route=\/wp\/v2\/posts\/2984047","targetHints":{"allow":["GET"]}}],"collection":[{"href":"https:\/\/agpnoticias.com\/news\/index.php?rest_route=\/wp\/v2\/posts"}],"about":[{"href":"https:\/\/agpnoticias.com\/news\/index.php?rest_route=\/wp\/v2\/types\/post"}],"author":[{"embeddable":true,"href":"https:\/\/agpnoticias.com\/news\/index.php?rest_route=\/wp\/v2\/users\/1"}],"replies":[{"embeddable":true,"href":"https:\/\/agpnoticias.com\/news\/index.php?rest_route=%2Fwp%2Fv2%2Fcomments&post=2984047"}],"version-history":[{"count":3,"href":"https:\/\/agpnoticias.com\/news\/index.php?rest_route=\/wp\/v2\/posts\/2984047\/revisions"}],"predecessor-version":[{"id":2984094,"href":"https:\/\/agpnoticias.com\/news\/index.php?rest_route=\/wp\/v2\/posts\/2984047\/revisions\/2984094"}],"wp:featuredmedia":[{"embeddable":true,"href":"https:\/\/agpnoticias.com\/news\/index.php?rest_route=\/wp\/v2\/media\/2984051"}],"wp:attachment":[{"href":"https:\/\/agpnoticias.com\/news\/index.php?rest_route=%2Fwp%2Fv2%2Fmedia&parent=2984047"}],"wp:term":[{"taxonomy":"category","embeddable":true,"href":"https:\/\/agpnoticias.com\/news\/index.php?rest_route=%2Fwp%2Fv2%2Fcategories&post=2984047"},{"taxonomy":"post_tag","embeddable":true,"href":"https:\/\/agpnoticias.com\/news\/index.php?rest_route=%2Fwp%2Fv2%2Ftags&post=2984047"}],"curies":[{"name":"wp","href":"https:\/\/api.w.org\/{rel}","templated":true}]}}