{"id":2984157,"date":"2025-06-04T06:27:29","date_gmt":"2025-06-04T13:27:29","guid":{"rendered":"https:\/\/agpnoticias.com\/news\/?p=2984157"},"modified":"2025-06-04T06:27:31","modified_gmt":"2025-06-04T13:27:31","slug":"isaac-del-toro-brilla-en-el-cycling-stars-criterium-tras-su-historico-giro-de-italia","status":"publish","type":"post","link":"https:\/\/agpnoticias.com\/news\/?p=2984157","title":{"rendered":"Isaac del Toro brilla en el Cycling Stars Criterium tras su hist\u00f3rico Giro de Italia"},"content":{"rendered":"\n<p>Pieve di Soligo, Italia.\u2014 El ciclista mexicano Isaac del Toro conquist\u00f3 el Cycling Stars Criterium, competencia que se realiza tradicionalmente un d\u00eda despu\u00e9s de que concluye el Giro de Italia.<\/p>\n\n\n\n<p>Del Toro, de 21 a\u00f1os, cruz\u00f3 la meta en primer lugar durante el circuito callejero nocturno de Pieve di Soligo, en la provincia italiana de Treviso, imponi\u00e9ndose a corredores locales de alto nivel como Giulio Pellizzari y el experimentado Lorenzo Fortunato, quienes finalizaron en la segunda y tercera posici\u00f3n, respectivamente.<\/p>\n\n\n\n<p>La victoria tiene un valor especial para el mexicano, ya que llega apenas 24 horas despu\u00e9s de finalizar en el segundo lugar del Giro de Italia, competencia en la que incluso lleg\u00f3 a vestir la maglia rosa como l\u00edder general durante varias etapas.<\/p>\n\n\n\n<p>Lejos de mostrarse afectado por haber cedido el liderato en la recta final del Giro, Del Toro demostr\u00f3 su solidez competitiva al dominar el criterium, un evento festivo pero exigente, que re\u00fane a los protagonistas del Giro en una carrera de exhibici\u00f3n ante miles de aficionados italianos.<\/p>\n\n\n\n<p>En la recta final, Del Toro lleg\u00f3 con ventaja, se permiti\u00f3 mirar hacia atr\u00e1s para confirmar su posici\u00f3n y levant\u00f3 los brazos en se\u00f1al de triunfo, recibiendo la ovaci\u00f3n del p\u00fablico local.<\/p>\n\n\n\n<p>Con este resultado, el ciclista nacido en Baja California consolida su lugar entre los nombres m\u00e1s prometedores del pelot\u00f3n internacional y confirma que su hist\u00f3rico desempe\u00f1o en el Giro no fue casualidad, sino el comienzo de una carrera que apunta a lo m\u00e1s alto del ciclismo mundial.<\/p>\n","protected":false},"excerpt":{"rendered":"<p>Pieve di Soligo, Italia.\u2014 El ciclista mexicano Isaac del Toro conquist\u00f3 el Cycling Stars Criterium,&#8230;<\/p>\n","protected":false},"author":1,"featured_media":2984158,"comment_status":"closed","ping_status":"closed","sticky":false,"template":"","format":"standard","meta":{"footnotes":""},"categories":[692,1151],"tags":[],"class_list":["post-2984157","post","type-post","status-publish","format-standard","has-post-thumbnail","hentry","category-ciclismo","category-portada"],"_links":{"self":[{"href":"https:\/\/agpnoticias.com\/news\/index.php?rest_route=\/wp\/v2\/posts\/2984157","targetHints":{"allow":["GET"]}}],"collection":[{"href":"https:\/\/agpnoticias.com\/news\/index.php?rest_route=\/wp\/v2\/posts"}],"about":[{"href":"https:\/\/agpnoticias.com\/news\/index.php?rest_route=\/wp\/v2\/types\/post"}],"author":[{"embeddable":true,"href":"https:\/\/agpnoticias.com\/news\/index.php?rest_route=\/wp\/v2\/users\/1"}],"replies":[{"embeddable":true,"href":"https:\/\/agpnoticias.com\/news\/index.php?rest_route=%2Fwp%2Fv2%2Fcomments&post=2984157"}],"version-history":[{"count":1,"href":"https:\/\/agpnoticias.com\/news\/index.php?rest_route=\/wp\/v2\/posts\/2984157\/revisions"}],"predecessor-version":[{"id":2984159,"href":"https:\/\/agpnoticias.com\/news\/index.php?rest_route=\/wp\/v2\/posts\/2984157\/revisions\/2984159"}],"wp:featuredmedia":[{"embeddable":true,"href":"https:\/\/agpnoticias.com\/news\/index.php?rest_route=\/wp\/v2\/media\/2984158"}],"wp:attachment":[{"href":"https:\/\/agpnoticias.com\/news\/index.php?rest_route=%2Fwp%2Fv2%2Fmedia&parent=2984157"}],"wp:term":[{"taxonomy":"category","embeddable":true,"href":"https:\/\/agpnoticias.com\/news\/index.php?rest_route=%2Fwp%2Fv2%2Fcategories&post=2984157"},{"taxonomy":"post_tag","embeddable":true,"href":"https:\/\/agpnoticias.com\/news\/index.php?rest_route=%2Fwp%2Fv2%2Ftags&post=2984157"}],"curies":[{"name":"wp","href":"https:\/\/api.w.org\/{rel}","templated":true}]}}