{"id":2984172,"date":"2025-06-04T19:57:32","date_gmt":"2025-06-05T02:57:32","guid":{"rendered":"https:\/\/agpnoticias.com\/news\/?p=2984172"},"modified":"2025-06-04T19:57:35","modified_gmt":"2025-06-05T02:57:35","slug":"cristiano-ronaldo-anota-a-alemania-el-gol-que-coloca-a-portugal-en-la-final-de-la-nations-league","status":"publish","type":"post","link":"https:\/\/agpnoticias.com\/news\/?p=2984172","title":{"rendered":"Cristiano Ronaldo anota a Alemania el gol que coloca a Portugal en la final de la Nations League"},"content":{"rendered":"\n<p>Munich, Alemania.- Cristiano Ronaldo gui\u00f3 a Portugal a su primera victoria sobre Alemania en 25 a\u00f1os.<\/p>\n\n\n\n<p>Ronaldo, de 40 a\u00f1os, fue el capit\u00e1n del equipo y anot\u00f3 su gol internacional n\u00famero 137 cuando Portugal remont\u00f3 para vencer a Alemania por 2-1 en M\u00fanich en su semifinal de la Liga de Naciones el mi\u00e9rcoles.<\/p>\n\n\n\n<p>Fue la primera victoria de Portugal en Alemania desde un partido de clasificaci\u00f3n para el Mundial en Stuttgart en octubre de 1985, unos seis meses despu\u00e9s de que naciera una futura superestrella en Madeira.<\/p>\n\n\n\n<p>En su aparici\u00f3n n\u00famero 220, un r\u00e9cord para Ronaldo, se convirti\u00f3 en el jugador de mayor edad en marcar contra Alemania, poniendo fin a su maldici\u00f3n. La ex estrella del Real Madrid perdi\u00f3 cada uno de los cinco partidos anteriores que hab\u00eda jugado contra Alemania.<\/p>\n\n\n\n<p>Portugal no hab\u00eda vencido a Alemania desde que S\u00e9rgio Concei\u00e7\u00e3o anot\u00f3 un triplete para la victoria por 3-0 en la Eurocopa 2000.<\/p>\n\n\n\n<p>El mi\u00e9rcoles, el hijo de Concei\u00e7\u00e3o, Francisco Concei\u00e7\u00e3o, de 22 a\u00f1os, empat\u00f3 el partido para Portugal apenas cinco minutos despu\u00e9s de hacer su entrada con un brillante disparo de larga distancia al segundo palo despu\u00e9s de superar a Robin Gosens como si no estuviera all\u00ed.<\/p>\n\n\n\n<p>El objetivo del Liverpool, Florian Wirtz, hab\u00eda dado a Alemania una ventaja en el minuto 48 con un cabezazo perfectamente colocado dentro del poste derecho, pero el entrenador de Portugal, Roberto Mart\u00ednez, hizo valer sus cambios e introdujo a Concei\u00e7\u00e3o y al ganador de la Liga de Campeones , Vitinha, entre los suplentes.<\/p>\n\n\n\n<p>Vitinha brill\u00f3 y Portugal termin\u00f3 el partido con ventaja apenas cuatro d\u00edas despu\u00e9s de haber ayudado al Paris Saint-Germain a ganar la final de la Liga de Campeones contra el Inter de Mil\u00e1n en el mismo estadio el s\u00e1bado.<\/p>\n\n\n\n<p>Alemania necesitaba al portero Marc-Andr\u00e9 ter Stegen en su mejor momento para evitar que los visitantes marcaran m\u00e1s.<\/p>\n\n\n\n<p>\u00abCuando no estamos al 100% no podemos competir con los mejores equipos\u00bb, dijo el entrenador alem\u00e1n Julian Nagelsmann, que no pudo contar con Jamal Musiala, entre otros.<\/p>\n\n\n\n<p>Los laterales del PSG Jo\u00e3o Neves y Nuno Mendes fueron titulares para Portugal, mientras que el delantero del Stuttgart Nick Woltemade fue titular en su debut con Alemania y tuvo la mejor oportunidad del equipo local en la primera mitad, salvada por Diogo Costa.<\/p>\n\n\n\n<p>Concei\u00e7\u00e3o dej\u00f3 su huella a los 63. Mendes le dio a Ronaldo un sencillo remate cinco minutos despu\u00e9s.<\/p>\n\n\n\n<p>\u201cPodr\u00eda haber sido m\u00e1s\u201d, dijo Mendes.<\/p>\n\n\n\n<p>Francia se enfrentar\u00e1 a Espa\u00f1a el jueves en Stuttgart en la otra semifinal, mientras que Alemania esperar\u00e1 al perdedor para decidir el tercer puesto.<\/p>\n\n\n\n<p><em>Informaci\u00f3n: AP.<\/em><\/p>\n\n\n\n<p><\/p>\n","protected":false},"excerpt":{"rendered":"<p>Munich, Alemania.- Cristiano Ronaldo gui\u00f3 a Portugal a su primera victoria sobre Alemania en 25&#8230;<\/p>\n","protected":false},"author":1,"featured_media":2984173,"comment_status":"closed","ping_status":"closed","sticky":false,"template":"","format":"standard","meta":{"footnotes":""},"categories":[32,1144,1151],"tags":[],"class_list":["post-2984172","post","type-post","status-publish","format-standard","has-post-thumbnail","hentry","category-soccer","category-futbol-internacional","category-portada"],"_links":{"self":[{"href":"https:\/\/agpnoticias.com\/news\/index.php?rest_route=\/wp\/v2\/posts\/2984172","targetHints":{"allow":["GET"]}}],"collection":[{"href":"https:\/\/agpnoticias.com\/news\/index.php?rest_route=\/wp\/v2\/posts"}],"about":[{"href":"https:\/\/agpnoticias.com\/news\/index.php?rest_route=\/wp\/v2\/types\/post"}],"author":[{"embeddable":true,"href":"https:\/\/agpnoticias.com\/news\/index.php?rest_route=\/wp\/v2\/users\/1"}],"replies":[{"embeddable":true,"href":"https:\/\/agpnoticias.com\/news\/index.php?rest_route=%2Fwp%2Fv2%2Fcomments&post=2984172"}],"version-history":[{"count":1,"href":"https:\/\/agpnoticias.com\/news\/index.php?rest_route=\/wp\/v2\/posts\/2984172\/revisions"}],"predecessor-version":[{"id":2984174,"href":"https:\/\/agpnoticias.com\/news\/index.php?rest_route=\/wp\/v2\/posts\/2984172\/revisions\/2984174"}],"wp:featuredmedia":[{"embeddable":true,"href":"https:\/\/agpnoticias.com\/news\/index.php?rest_route=\/wp\/v2\/media\/2984173"}],"wp:attachment":[{"href":"https:\/\/agpnoticias.com\/news\/index.php?rest_route=%2Fwp%2Fv2%2Fmedia&parent=2984172"}],"wp:term":[{"taxonomy":"category","embeddable":true,"href":"https:\/\/agpnoticias.com\/news\/index.php?rest_route=%2Fwp%2Fv2%2Fcategories&post=2984172"},{"taxonomy":"post_tag","embeddable":true,"href":"https:\/\/agpnoticias.com\/news\/index.php?rest_route=%2Fwp%2Fv2%2Ftags&post=2984172"}],"curies":[{"name":"wp","href":"https:\/\/api.w.org\/{rel}","templated":true}]}}