{"id":2985296,"date":"2025-07-08T11:26:16","date_gmt":"2025-07-08T18:26:16","guid":{"rendered":"https:\/\/agpnoticias.com\/news\/?p=2985296"},"modified":"2025-07-08T11:26:18","modified_gmt":"2025-07-08T18:26:18","slug":"sheinbaum-rechaza-xenofobia-en-protestas","status":"publish","type":"post","link":"https:\/\/agpnoticias.com\/news\/?p=2985296","title":{"rendered":"Sheinbaum rechaza xenofobia en protestas"},"content":{"rendered":"\n<p>Ciudad de M\u00e9xico.- La presidenta de M\u00e9xico, Claudia Sheinbaum, conden\u00f3 este lunes las expresiones \u201cxen\u00f3fobas\u201d que se dieron el pasado viernes durante una manifestaci\u00f3n contra la gentrificaci\u00f3n, especialmente de estadounidenses, en la Ciudad de M\u00e9xico que derivaron en varios destrozos a negocios locales en el centro de la capital.<\/p>\n\n\n\n<p>\u201cLas muestras xenof\u00f3bicas de esa manifestaci\u00f3n hay que condenarlas. No puede ser que por una demanda, por m\u00e1s leg\u00edtima que sea que es la gentrificaci\u00f3n, la demanda sea \u2018fuera cualquier nacionalidad de nuestro pa\u00eds\u2019. M\u00e9xico ha sido solidario, fraterno siempre\u201d, se\u00f1al\u00f3 la mandataria durante su conferencia de prensa matutina.<\/p>\n\n\n\n<p>La reacci\u00f3n de Sheinbaum ocurre luego de que el pasado viernes, cientos de personas protestaran en calles del barrio de la Condesa, lugar que los manifestantes denunciaron se ha encarecido por la llegada de personas extranjeras a rentar viviendas y ha modificado la forma de vida de mexicanos que sol\u00edan vivir en esta zona.<\/p>\n\n\n\n<figure class=\"wp-block-image\"><img decoding=\"async\" src=\"https:\/\/i0.wp.com\/massinformacion.com.mx\/wp-content\/uploads\/2025\/07\/Sheinbaum-rechaza-xenofobia-en-protestas-3.jpg?resize=1024%2C683&amp;ssl=1\" alt=\"\" class=\"wp-image-228411\"\/><\/figure>\n\n\n\n<p>En ese sentido, dijo que todos los mexicanos deben tener presente que no debe haber discriminaci\u00f3n, no al racismo, no al clasismo, no a la xenofobia.<\/p>\n\n\n\n<p>\u201cM\u00e9xico es un pa\u00eds abierto al mundo y no es discriminatorio. Entonces, no pueden justificarse las actitudes xenof\u00f3bicas\u201d, apunt\u00f3.<\/p>\n\n\n\n<p>Asimismo, anunci\u00f3 que buscar\u00e1 un plan para evitar el desplazamiento en la capital del pa\u00eds, al reconocer: \u201cEn efecto, particularmente (en los barrios) la Condesa, la Roma, hay mucha especulaci\u00f3n inmobiliaria derivada de la renta de Airbnb y todas estas plataformas digitales que rentan espacios\u201d.<\/p>\n\n\n\n<p>Sheinbaum dej\u00f3 claro que el respeto a los derechos humanos y la igualdad deben prevalecer por encima de cualquier conflicto urbano o social.<\/p>\n\n\n\n<figure class=\"wp-block-image\"><img decoding=\"async\" src=\"https:\/\/i0.wp.com\/massinformacion.com.mx\/wp-content\/uploads\/2025\/07\/Sheinbaum-rechaza-xenofobia-en-protestas-2.jpeg?resize=1024%2C683&amp;ssl=1\" alt=\"\" class=\"wp-image-228412\"\/><\/figure>\n\n\n\n<p>La protesta tambi\u00e9n gener\u00f3 reacciones por parte del Departamento de Seguridad Nacional de Estados Unidos (DHS, por sus siglas en ingl\u00e9s) que invit\u00f3 de nueva cuenta a mexicanos que radican en el pa\u00eds a que se autodeporten, aprovechando un posteo sobre la marcha.<\/p>\n\n\n\n<p>\u201cSi te encuentras en los Estados Unidos ilegalmente y deseas unirte a la pr\u00f3xima protesta en la Ciudad de M\u00e9xico, usa la aplicaci\u00f3n CBP Home para facilitar tu salida\u201d, destac\u00f3 en su mensaje promovido por medio de redes sociales.<\/p>\n\n\n\n<p>Tras los disturbios en esta protesta, el Gobierno de la Ciudad de M\u00e9xico anunci\u00f3 que se realizar\u00e1 una estrategia especial contra la violencia en las marchas.<\/p>\n\n\n\n<p>\u201cPara el Gobierno de la ciudad implica definir una estrategia especial para las movilizaciones\u201d, sostuvo la jefa de Gobierno capitalina, Clara Brugada Molina.<\/p>\n","protected":false},"excerpt":{"rendered":"<p>Ciudad de M\u00e9xico.- La presidenta de M\u00e9xico, Claudia Sheinbaum, conden\u00f3 este lunes las expresiones \u201cxen\u00f3fobas\u201d&#8230;<\/p>\n","protected":false},"author":1,"featured_media":2985297,"comment_status":"closed","ping_status":"closed","sticky":false,"template":"","format":"standard","meta":{"footnotes":""},"categories":[1],"tags":[],"class_list":["post-2985296","post","type-post","status-publish","format-standard","has-post-thumbnail","hentry","category-uncategorized"],"_links":{"self":[{"href":"https:\/\/agpnoticias.com\/news\/index.php?rest_route=\/wp\/v2\/posts\/2985296","targetHints":{"allow":["GET"]}}],"collection":[{"href":"https:\/\/agpnoticias.com\/news\/index.php?rest_route=\/wp\/v2\/posts"}],"about":[{"href":"https:\/\/agpnoticias.com\/news\/index.php?rest_route=\/wp\/v2\/types\/post"}],"author":[{"embeddable":true,"href":"https:\/\/agpnoticias.com\/news\/index.php?rest_route=\/wp\/v2\/users\/1"}],"replies":[{"embeddable":true,"href":"https:\/\/agpnoticias.com\/news\/index.php?rest_route=%2Fwp%2Fv2%2Fcomments&post=2985296"}],"version-history":[{"count":1,"href":"https:\/\/agpnoticias.com\/news\/index.php?rest_route=\/wp\/v2\/posts\/2985296\/revisions"}],"predecessor-version":[{"id":2985298,"href":"https:\/\/agpnoticias.com\/news\/index.php?rest_route=\/wp\/v2\/posts\/2985296\/revisions\/2985298"}],"wp:featuredmedia":[{"embeddable":true,"href":"https:\/\/agpnoticias.com\/news\/index.php?rest_route=\/wp\/v2\/media\/2985297"}],"wp:attachment":[{"href":"https:\/\/agpnoticias.com\/news\/index.php?rest_route=%2Fwp%2Fv2%2Fmedia&parent=2985296"}],"wp:term":[{"taxonomy":"category","embeddable":true,"href":"https:\/\/agpnoticias.com\/news\/index.php?rest_route=%2Fwp%2Fv2%2Fcategories&post=2985296"},{"taxonomy":"post_tag","embeddable":true,"href":"https:\/\/agpnoticias.com\/news\/index.php?rest_route=%2Fwp%2Fv2%2Ftags&post=2985296"}],"curies":[{"name":"wp","href":"https:\/\/api.w.org\/{rel}","templated":true}]}}