{"id":2985299,"date":"2025-07-08T11:41:59","date_gmt":"2025-07-08T18:41:59","guid":{"rendered":"https:\/\/agpnoticias.com\/news\/?p=2985299"},"modified":"2025-07-08T11:42:02","modified_gmt":"2025-07-08T18:42:02","slug":"reducir-jornada-laboral-costaria-mas-de-3-mil-dolares-por-trabajador","status":"publish","type":"post","link":"https:\/\/agpnoticias.com\/news\/?p=2985299","title":{"rendered":"Reducir jornada laboral costar\u00eda m\u00e1s de 3 mil d\u00f3lares por trabajador"},"content":{"rendered":"\n<p>Ciudad de M\u00e9xico.<strong>&#8211;<\/strong>\u00a0La Confederaci\u00f3n de C\u00e1maras Nacionales de Comercio, Servicios y Turismo (Concanaco Servytur) advirti\u00f3 este lunes que la reducci\u00f3n de la jornada laboral de 48 a 40 horas semanales en M\u00e9xico tendr\u00eda un impacto en las empresas de casi 65 mil 793 pesos por trabajador.<br><br>Este costo para las empresas, en especial para las micro, podr\u00eda significar \u00abla diferencia entre sobrevivir o cerrar\u00bb, advirti\u00f3 el presidente de la Concanaco Servytur, Octavio de la Torre, durante el \u2018Foro para la implementaci\u00f3n de la Semana Laboral de 40 horas\u2019, organizado por la Secretar\u00eda del Trabajo uy Previsi\u00f3n Social (STPS).<br><br>De la Torre explic\u00f3 que este incremento incluye mayores costos por seguridad social, aguinaldo, vacaciones y ajustes fiscales, en un entorno econ\u00f3mico donde el 54.3% de los trabajadores ya se encuentra en la informalidad y la econom\u00eda apenas crece un 0.4% anual, seg\u00fan proyecciones de la\u00a0<strong>Organizaci\u00f3n para la Cooperaci\u00f3n y el Desarrollo Econ\u00f3micos<\/strong>\u00a0(OCDE).<br><br>El l\u00edder empresarial detall\u00f3 que adentro la Concanaco Servytur \u2014que agrupa a m\u00e1s de 5.2 millones de empresas y representa el 66 % del PIB nacional y el 70% del empleo formal\u2014 67.2% se opone a la reforma de reducci\u00f3n laboral.<br><br>Adem\u00e1s, detall\u00f3 que la reciente encuesta entre sus integrantes revel\u00f3 que un 71.4% prev\u00e9 aumentos operativos, el 58.8% dificultades para mantener su nivel de servicio y un 29% teme una ca\u00edda en ventas o productividad.<br><br>\u00abEstos datos no son opiniones aisladas. Son la voz de millones de familias que viven del comercio, los servicios y el turismo\u201d, dijo el presidente de la Confederaci\u00f3n.<br><br>Asimismo, De la Torre aclar\u00f3 est\u00e1n \u00aben contra del bienestar laboral\u00bb, pero \u00abs\u00ed a favor de un bienestar sostenible, el desarrollo debe de darse con equilibrio y con una legislaci\u00f3n construida con quienes s\u00ed cumplen, no en contra de los que cumplen (sus obligaciones fiscales)\u201d.<br><br>Entre las propuestas de la Concanaco Servytur destacan una gradualidad con criterios diferenciados seg\u00fan el tama\u00f1o, giro y ubicaci\u00f3n de la empresa; topes fiscales a 40 horas efectivas y la deducci\u00f3n total de la n\u00f3mina para empresas que formalicen.<br><br>\u201cNo se trata de detener el cambio, sino de hacerlo bien. Una reforma laboral mal dise\u00f1ada pone en riesgo la formalidad, el empleo y la estabilidad econ\u00f3mica. Proponemos construir una reforma que funcione para todos: trabajadores, empresas y el pa\u00eds\u201d, concluy\u00f3 De la Torre.<br><br>La reducci\u00f3n de la jornada laboral de 48 a 40 horas semanales se encuentra actualmente en discusi\u00f3n en el Congreso mexicano.<\/p>\n","protected":false},"excerpt":{"rendered":"<p>Ciudad de M\u00e9xico.&#8211;\u00a0La Confederaci\u00f3n de C\u00e1maras Nacionales de Comercio, Servicios y Turismo (Concanaco Servytur) advirti\u00f3&#8230;<\/p>\n","protected":false},"author":1,"featured_media":2985300,"comment_status":"closed","ping_status":"closed","sticky":false,"template":"","format":"standard","meta":{"footnotes":""},"categories":[405],"tags":[],"class_list":["post-2985299","post","type-post","status-publish","format-standard","has-post-thumbnail","hentry","category-sin-categoria-es"],"_links":{"self":[{"href":"https:\/\/agpnoticias.com\/news\/index.php?rest_route=\/wp\/v2\/posts\/2985299","targetHints":{"allow":["GET"]}}],"collection":[{"href":"https:\/\/agpnoticias.com\/news\/index.php?rest_route=\/wp\/v2\/posts"}],"about":[{"href":"https:\/\/agpnoticias.com\/news\/index.php?rest_route=\/wp\/v2\/types\/post"}],"author":[{"embeddable":true,"href":"https:\/\/agpnoticias.com\/news\/index.php?rest_route=\/wp\/v2\/users\/1"}],"replies":[{"embeddable":true,"href":"https:\/\/agpnoticias.com\/news\/index.php?rest_route=%2Fwp%2Fv2%2Fcomments&post=2985299"}],"version-history":[{"count":1,"href":"https:\/\/agpnoticias.com\/news\/index.php?rest_route=\/wp\/v2\/posts\/2985299\/revisions"}],"predecessor-version":[{"id":2985301,"href":"https:\/\/agpnoticias.com\/news\/index.php?rest_route=\/wp\/v2\/posts\/2985299\/revisions\/2985301"}],"wp:featuredmedia":[{"embeddable":true,"href":"https:\/\/agpnoticias.com\/news\/index.php?rest_route=\/wp\/v2\/media\/2985300"}],"wp:attachment":[{"href":"https:\/\/agpnoticias.com\/news\/index.php?rest_route=%2Fwp%2Fv2%2Fmedia&parent=2985299"}],"wp:term":[{"taxonomy":"category","embeddable":true,"href":"https:\/\/agpnoticias.com\/news\/index.php?rest_route=%2Fwp%2Fv2%2Fcategories&post=2985299"},{"taxonomy":"post_tag","embeddable":true,"href":"https:\/\/agpnoticias.com\/news\/index.php?rest_route=%2Fwp%2Fv2%2Ftags&post=2985299"}],"curies":[{"name":"wp","href":"https:\/\/api.w.org\/{rel}","templated":true}]}}