{"id":2985304,"date":"2025-07-08T14:11:51","date_gmt":"2025-07-08T21:11:51","guid":{"rendered":"https:\/\/agpnoticias.com\/news\/?p=2985304"},"modified":"2025-07-08T14:11:53","modified_gmt":"2025-07-08T21:11:53","slug":"visitan-el-car-ensenada-karina-martinez-y-eduardo-ramos-medallistas-en-el-mundial-de-boccia-de-polonia","status":"publish","type":"post","link":"https:\/\/agpnoticias.com\/news\/?p=2985304","title":{"rendered":"Visitan el CAR Ensenada, Karina Mart\u00ednez y Eduardo Ramos, medallistas en el Mundial de Boccia de Polonia"},"content":{"rendered":"\n<p>Ensenada, Baja California.- La directora general del INDEBC, Laura Marmolejo, recibi\u00f3 en el CAR Ensenada a los paratletas Karina Mart\u00ednez Sandoval y Eduardo Ramos Escamilla, quienes lograron una destacada actuaci\u00f3n internacional al ganar medallas de plata y bronce en el Poznan World Boccia Challenger 2025.<\/p>\n\n\n\n<p>Eduardo Ramos, dirigido por Guillermo Jharzamarat, obtuvo el tercer lugar en la categor\u00eda BC1 varonil, mientras que Karina Mart\u00ednez se qued\u00f3 con la plata en la final de BC2 femenil.<\/p>\n\n\n\n<figure class=\"wp-block-image size-large\"><img fetchpriority=\"high\" decoding=\"async\" width=\"810\" height=\"800\" src=\"https:\/\/agpnoticias.com\/news\/wp-content\/uploads\/2025\/07\/INDE-810x800.jpg\" alt=\"\" class=\"wp-image-2985306\"\/><\/figure>\n\n\n\n<p>Reconoci\u00f3 su esfuerzo y dedicaci\u00f3n, destacando el orgullo que representan para Baja California y M\u00e9xico. <\/p>\n\n\n\n<p>Adem\u00e1s, refrend\u00f3 el compromiso de seguir fortaleciendo el deporte adaptado en coordinaci\u00f3n con la Direcci\u00f3n de Deporte Adaptado, que encabeza Marisol N\u00fa\u00f1ez, para abrir m\u00e1s espacios y oportunidades para personas con discapacidad en el estado.<\/p>\n\n\n\n<p><em>Informaci\u00f3n: INDEBC.<\/em><\/p>\n","protected":false},"excerpt":{"rendered":"<p>Ensenada, Baja California.- La directora general del INDEBC, Laura Marmolejo, recibi\u00f3 en el CAR Ensenada&#8230;<\/p>\n","protected":false},"author":1,"featured_media":2985305,"comment_status":"closed","ping_status":"closed","sticky":false,"template":"","format":"standard","meta":{"footnotes":""},"categories":[73,1146,1151],"tags":[],"class_list":["post-2985304","post","type-post","status-publish","format-standard","has-post-thumbnail","hentry","category-deportebajacalifornia","category-ensenada","category-portada"],"_links":{"self":[{"href":"https:\/\/agpnoticias.com\/news\/index.php?rest_route=\/wp\/v2\/posts\/2985304","targetHints":{"allow":["GET"]}}],"collection":[{"href":"https:\/\/agpnoticias.com\/news\/index.php?rest_route=\/wp\/v2\/posts"}],"about":[{"href":"https:\/\/agpnoticias.com\/news\/index.php?rest_route=\/wp\/v2\/types\/post"}],"author":[{"embeddable":true,"href":"https:\/\/agpnoticias.com\/news\/index.php?rest_route=\/wp\/v2\/users\/1"}],"replies":[{"embeddable":true,"href":"https:\/\/agpnoticias.com\/news\/index.php?rest_route=%2Fwp%2Fv2%2Fcomments&post=2985304"}],"version-history":[{"count":1,"href":"https:\/\/agpnoticias.com\/news\/index.php?rest_route=\/wp\/v2\/posts\/2985304\/revisions"}],"predecessor-version":[{"id":2985307,"href":"https:\/\/agpnoticias.com\/news\/index.php?rest_route=\/wp\/v2\/posts\/2985304\/revisions\/2985307"}],"wp:featuredmedia":[{"embeddable":true,"href":"https:\/\/agpnoticias.com\/news\/index.php?rest_route=\/wp\/v2\/media\/2985305"}],"wp:attachment":[{"href":"https:\/\/agpnoticias.com\/news\/index.php?rest_route=%2Fwp%2Fv2%2Fmedia&parent=2985304"}],"wp:term":[{"taxonomy":"category","embeddable":true,"href":"https:\/\/agpnoticias.com\/news\/index.php?rest_route=%2Fwp%2Fv2%2Fcategories&post=2985304"},{"taxonomy":"post_tag","embeddable":true,"href":"https:\/\/agpnoticias.com\/news\/index.php?rest_route=%2Fwp%2Fv2%2Ftags&post=2985304"}],"curies":[{"name":"wp","href":"https:\/\/api.w.org\/{rel}","templated":true}]}}