{"id":2985311,"date":"2025-07-08T15:44:31","date_gmt":"2025-07-08T22:44:31","guid":{"rendered":"https:\/\/agpnoticias.com\/news\/?p=2985311"},"modified":"2025-07-08T15:44:34","modified_gmt":"2025-07-08T22:44:34","slug":"asesino-de-keila-nicole-se-inspiro-en-la-serie-dexter-por-ser-menor-solo-podria-recibir-hasta-5-anos-de-internamiento","status":"publish","type":"post","link":"https:\/\/agpnoticias.com\/news\/?p=2985311","title":{"rendered":"Asesino de Keila Nicole se inspir\u00f3 en la serie \u00abDexter\u00bb; por ser menor, s\u00f3lo podr\u00eda recibir hasta 5 a\u00f1os de internamiento"},"content":{"rendered":"\n<p>Ensenada, Baja California.\u2014 El crimen que estremeci\u00f3 a Baja California toma un giro a\u00fan m\u00e1s perturbador. La fiscal general del estado, Mar\u00eda Elena Andrade Ram\u00edrez, confirm\u00f3 este martes que el menor acusado del asesinato de Keila Nicole habr\u00eda tomado inspiraci\u00f3n en la serie<strong> televisiva <em>Dexter<\/em><\/strong> para planear y ejecutar el homicidio.<\/p>\n\n\n\n<p>\u201cEl cuerpo de la peque\u00f1a fue localizado sin cabeza, sin brazos ni piernas en un paraje despoblado en el Rosario, Baja Caliifornia, al sur de Ensenada. Derivado de los indicios, se advierte que el sujeto plane\u00f3 la ejecuci\u00f3n y desmembramiento de Keila Nicole\u201d, declar\u00f3 Andrade Ram\u00edrez ante medios de comunicaci\u00f3n.<\/p>\n\n\n\n<figure class=\"wp-block-image size-large\"><img fetchpriority=\"high\" decoding=\"async\" width=\"810\" height=\"650\" src=\"https:\/\/agpnoticias.com\/news\/wp-content\/uploads\/2025\/07\/keila-micole-810x650.jpg\" alt=\"\" class=\"wp-image-2985313\"\/><\/figure>\n\n\n\n<p>A pesar de la brutalidad del crimen, la funcionaria explic\u00f3 que el presunto responsable podr\u00eda enfrentar <strong>una pena m\u00e1xima de cinco a\u00f1os de internamiento<\/strong>, ya que tambi\u00e9n es menor de edad.<\/p>\n\n\n\n<p>Este l\u00edmite legal, establecido por la Ley Nacional del Sistema Integral de Justicia Penal para Adolescentes, ha generado indignaci\u00f3n social ante la posibilidad de una condena que muchos consideran insuficiente.<\/p>\n\n\n\n<p>Para evitar que se reduzca a\u00fan m\u00e1s la sanci\u00f3n, la fiscal se\u00f1al\u00f3 que se giraron instrucciones precisas a la fiscal especializada en adolescentes. \u201cNo vamos a permitir beneficios ni atenuantes en este caso\u201d, sostuvo.<\/p>\n\n\n\n<p>La serie <em>Dexter<\/em>, emitida originalmente entre 2006 y 2013, cuenta la historia de un analista forense que lleva una doble vida como asesino serial, enfocando su \u201cjusticia\u201d en criminales que el sistema no pudo castigar. A pesar de su car\u00e1cter ficticio, el personaje ha sido se\u00f1alado como una figura que podr\u00eda influenciar a mentes vulnerables o desequilibradas.<\/p>\n\n\n\n<figure class=\"wp-block-image size-full\"><img decoding=\"async\" width=\"2560\" height=\"1440\" src=\"https:\/\/agpnoticias.com\/news\/wp-content\/uploads\/2025\/07\/dexter-keila-nicole-scaled.webp\" alt=\"\" class=\"wp-image-2985314\" srcset=\"https:\/\/agpnoticias.com\/news\/wp-content\/uploads\/2025\/07\/dexter-keila-nicole-scaled.webp 2560w, https:\/\/agpnoticias.com\/news\/wp-content\/uploads\/2025\/07\/dexter-keila-nicole-1536x864.webp 1536w, https:\/\/agpnoticias.com\/news\/wp-content\/uploads\/2025\/07\/dexter-keila-nicole-2048x1152.webp 2048w, https:\/\/agpnoticias.com\/news\/wp-content\/uploads\/2025\/07\/dexter-keila-nicole-1024x576.webp 1024w\" sizes=\"(max-width: 2560px) 100vw, 2560px\" \/><\/figure>\n\n\n\n<p><\/p>\n","protected":false},"excerpt":{"rendered":"<p>Ensenada, Baja California.\u2014 El crimen que estremeci\u00f3 a Baja California toma un giro a\u00fan m\u00e1s&#8230;<\/p>\n","protected":false},"author":1,"featured_media":2985312,"comment_status":"closed","ping_status":"closed","sticky":false,"template":"","format":"standard","meta":{"footnotes":""},"categories":[1],"tags":[],"class_list":["post-2985311","post","type-post","status-publish","format-standard","has-post-thumbnail","hentry","category-uncategorized"],"_links":{"self":[{"href":"https:\/\/agpnoticias.com\/news\/index.php?rest_route=\/wp\/v2\/posts\/2985311","targetHints":{"allow":["GET"]}}],"collection":[{"href":"https:\/\/agpnoticias.com\/news\/index.php?rest_route=\/wp\/v2\/posts"}],"about":[{"href":"https:\/\/agpnoticias.com\/news\/index.php?rest_route=\/wp\/v2\/types\/post"}],"author":[{"embeddable":true,"href":"https:\/\/agpnoticias.com\/news\/index.php?rest_route=\/wp\/v2\/users\/1"}],"replies":[{"embeddable":true,"href":"https:\/\/agpnoticias.com\/news\/index.php?rest_route=%2Fwp%2Fv2%2Fcomments&post=2985311"}],"version-history":[{"count":1,"href":"https:\/\/agpnoticias.com\/news\/index.php?rest_route=\/wp\/v2\/posts\/2985311\/revisions"}],"predecessor-version":[{"id":2985315,"href":"https:\/\/agpnoticias.com\/news\/index.php?rest_route=\/wp\/v2\/posts\/2985311\/revisions\/2985315"}],"wp:featuredmedia":[{"embeddable":true,"href":"https:\/\/agpnoticias.com\/news\/index.php?rest_route=\/wp\/v2\/media\/2985312"}],"wp:attachment":[{"href":"https:\/\/agpnoticias.com\/news\/index.php?rest_route=%2Fwp%2Fv2%2Fmedia&parent=2985311"}],"wp:term":[{"taxonomy":"category","embeddable":true,"href":"https:\/\/agpnoticias.com\/news\/index.php?rest_route=%2Fwp%2Fv2%2Fcategories&post=2985311"},{"taxonomy":"post_tag","embeddable":true,"href":"https:\/\/agpnoticias.com\/news\/index.php?rest_route=%2Fwp%2Fv2%2Ftags&post=2985311"}],"curies":[{"name":"wp","href":"https:\/\/api.w.org\/{rel}","templated":true}]}}