{"id":2985351,"date":"2025-07-09T13:51:41","date_gmt":"2025-07-09T20:51:41","guid":{"rendered":"https:\/\/agpnoticias.com\/news\/?p=2985351"},"modified":"2025-07-09T13:51:42","modified_gmt":"2025-07-09T20:51:42","slug":"pablo-ortiz-lateral-refuerzo-de-los-xolos-llegado-de-queretaro","status":"publish","type":"post","link":"https:\/\/agpnoticias.com\/news\/?p=2985351","title":{"rendered":"Pablo Ortiz, lateral, refuerzo de los Xolos llegado de Quer\u00e9taro"},"content":{"rendered":"\n<p>Tijuana, Baja California.- El Club Tijuana hace oficial el fichaje del lateral izquierdo Pablo Ort\u00edz, quien proviene del Club Quer\u00e9taro.<\/p>\n\n\n\n<p>Radiograf\u00eda Xoloitzcuintle<\/p>\n\n\n\n<p>Nombre: Pablo Nicol\u00e1s Ort\u00edz Orozco<br>Lugar de nacimiento: Colima, M\u00e9xico.<br>Fecha de nacimiento: 5 de Abril del 2002.<br>Posici\u00f3n: Lateral.<br>Estatura: 1,78 m.<br>Clubes: Club Quer\u00e9taro.<\/p>\n\n\n\n<p>Pablo realiz\u00f3 su proceso formativo con los Gallos Blancos, donde destac\u00f3 en las divisiones juveniles hasta su debut en primera divisi\u00f3n.<\/p>\n\n\n\n<p>Ort\u00edz es un lateral con salida, marca f\u00e9rrea y oficio defensivo, el jugador ya se encuentra en la frontera bajo las \u00f3rdenes del entrenador Sebasti\u00e1n Abreu.<\/p>\n\n\n\n<p><em>Informaci\u00f3n: Club Tijuana Xoloitzcuintles de Caliente.<\/em><\/p>\n","protected":false},"excerpt":{"rendered":"<p>Tijuana, Baja California.- El Club Tijuana hace oficial el fichaje del lateral izquierdo Pablo Ort\u00edz,&#8230;<\/p>\n","protected":false},"author":1,"featured_media":2985352,"comment_status":"closed","ping_status":"closed","sticky":false,"template":"","format":"standard","meta":{"footnotes":""},"categories":[32,1142],"tags":[907],"class_list":["post-2985351","post","type-post","status-publish","format-standard","has-post-thumbnail","hentry","category-soccer","category-grandes-ligas","tag-tendencia"],"_links":{"self":[{"href":"https:\/\/agpnoticias.com\/news\/index.php?rest_route=\/wp\/v2\/posts\/2985351","targetHints":{"allow":["GET"]}}],"collection":[{"href":"https:\/\/agpnoticias.com\/news\/index.php?rest_route=\/wp\/v2\/posts"}],"about":[{"href":"https:\/\/agpnoticias.com\/news\/index.php?rest_route=\/wp\/v2\/types\/post"}],"author":[{"embeddable":true,"href":"https:\/\/agpnoticias.com\/news\/index.php?rest_route=\/wp\/v2\/users\/1"}],"replies":[{"embeddable":true,"href":"https:\/\/agpnoticias.com\/news\/index.php?rest_route=%2Fwp%2Fv2%2Fcomments&post=2985351"}],"version-history":[{"count":1,"href":"https:\/\/agpnoticias.com\/news\/index.php?rest_route=\/wp\/v2\/posts\/2985351\/revisions"}],"predecessor-version":[{"id":2985353,"href":"https:\/\/agpnoticias.com\/news\/index.php?rest_route=\/wp\/v2\/posts\/2985351\/revisions\/2985353"}],"wp:featuredmedia":[{"embeddable":true,"href":"https:\/\/agpnoticias.com\/news\/index.php?rest_route=\/wp\/v2\/media\/2985352"}],"wp:attachment":[{"href":"https:\/\/agpnoticias.com\/news\/index.php?rest_route=%2Fwp%2Fv2%2Fmedia&parent=2985351"}],"wp:term":[{"taxonomy":"category","embeddable":true,"href":"https:\/\/agpnoticias.com\/news\/index.php?rest_route=%2Fwp%2Fv2%2Fcategories&post=2985351"},{"taxonomy":"post_tag","embeddable":true,"href":"https:\/\/agpnoticias.com\/news\/index.php?rest_route=%2Fwp%2Fv2%2Ftags&post=2985351"}],"curies":[{"name":"wp","href":"https:\/\/api.w.org\/{rel}","templated":true}]}}