{"id":2986108,"date":"2025-07-30T12:09:09","date_gmt":"2025-07-30T19:09:09","guid":{"rendered":"https:\/\/agpnoticias.com\/news\/?p=2986108"},"modified":"2025-07-30T12:28:17","modified_gmt":"2025-07-30T19:28:17","slug":"por-sexta-ocasion-el-rector-de-cetys-universidad-es-reconocido-dentro-de-los-300-lideres-mas-influyentes-de-mexico","status":"publish","type":"post","link":"https:\/\/agpnoticias.com\/news\/?p=2986108","title":{"rendered":"Por sexta ocasi\u00f3n el rector de CETYS Universidad es reconocido dentro de los 300 l\u00edderes m\u00e1s influyentes de M\u00e9xico"},"content":{"rendered":"\n<p>Mexicali, Baja California.- Fernando Le\u00f3n Garc\u00eda, Rector del Sistema CETYS Universidad ha sido incluido por sexta ocasi\u00f3n en este importante listado nacional, reconocido nuevamente como una de las personalidades m\u00e1s influyentes del pa\u00eds, por la revista <em>L\u00edderes Mexicanos<\/em> en su edici\u00f3n 2025 de <strong><em>\u201c<\/em><\/strong><a href=\"https:\/\/lideresmexicanos.com\/categoria-de-los-300\/2025\" target=\"_blank\" rel=\"noreferrer noopener\"><strong><em>Los 300 L\u00edderes m\u00e1s Influyentes de M\u00e9xico<\/em><\/strong><\/a><strong><em>\u201d<\/em><\/strong>.<\/p>\n\n\n\n<p>Esta distinci\u00f3n reafirma el liderazgo del Dr. Le\u00f3n Garc\u00eda en el \u00e1mbito educativo a nivel nacional e internacional, ya que en esta lista se destaca como objetivo, encabezar los esfuerzos para reafirmar la formaci\u00f3n integral y la educaci\u00f3n de calidad, adem\u00e1s del mejoramiento e innovaci\u00f3n de los modelos educativos y el impulso de los Objetivos de Desarrollo Sustentable. Adem\u00e1s, se\u00f1ala la importancia de las alianzas como una prioridad, el fomento a la internacionalizaci\u00f3n para crear sinergias y refuerzo de lo local, todo en beneficio de la sociedad.<\/p>\n\n\n\n<p>Su labor como rector durante 15 a\u00f1os, as\u00ed como su papel como presidente del Consejo de la International Association of University Presidents (IAUP), y actual Presidente de la Asociaci\u00f3n Mexicana de Universidades Privadas (AMUP), y su participaci\u00f3n activa en organismos nacionales e internacionales del sector, lo consolidan como una figura clave en la transformaci\u00f3n de la educaci\u00f3n superior en M\u00e9xico.<\/p>\n\n\n\n<p><strong><em>\u00bfC\u00f3mo se elige a las personas de esta lista?<\/em><\/strong><\/p>\n\n\n\n<p>Cada a\u00f1o, en el primer trimestre, un panel de expertos en 13 categor\u00edas analiza a fondo qui\u00e9n merece estar en la lista. Se eval\u00faan logros reales, impacto actual y, sobre todo, el potencial de seguir marcando la diferencia. Nada de votaciones abiertas ni encuestas en redes, aqu\u00ed deciden especialistas, l\u00edderes institucionales y voces que saben reconocer a quienes est\u00e1n cambiando el juego. As\u00ed se construye la lista de Los 300 L\u00edderes Mexicanos.<\/p>\n\n\n\n<p>CETYS Universidad celebra este reconocimiento, que refleja el compromiso de su comunidad con la excelencia, el liderazgo y la transformaci\u00f3n de su entorno.&nbsp;Consulta aqu\u00ed la publicaci\u00f3n de 300 l\u00edderes:<a rel=\"noreferrer noopener\" target=\"_blank\" href=\"https:\/\/lideresmexicanos.com\/los300\/2025-fernando-leon-garcia\">Dr.Fernando Le\u00f3n Garc\u00eda<\/a>.<\/p>\n","protected":false},"excerpt":{"rendered":"<p>Mexicali, Baja California.- Fernando Le\u00f3n Garc\u00eda, Rector del Sistema CETYS Universidad ha sido incluido por&#8230;<\/p>\n","protected":false},"author":1,"featured_media":2986109,"comment_status":"closed","ping_status":"closed","sticky":false,"template":"","format":"standard","meta":{"footnotes":""},"categories":[1,879,704],"tags":[],"class_list":["post-2986108","post","type-post","status-publish","format-standard","has-post-thumbnail","hentry","category-uncategorized","category-cetys-universidad","category-deporte-estudiantil"],"_links":{"self":[{"href":"https:\/\/agpnoticias.com\/news\/index.php?rest_route=\/wp\/v2\/posts\/2986108","targetHints":{"allow":["GET"]}}],"collection":[{"href":"https:\/\/agpnoticias.com\/news\/index.php?rest_route=\/wp\/v2\/posts"}],"about":[{"href":"https:\/\/agpnoticias.com\/news\/index.php?rest_route=\/wp\/v2\/types\/post"}],"author":[{"embeddable":true,"href":"https:\/\/agpnoticias.com\/news\/index.php?rest_route=\/wp\/v2\/users\/1"}],"replies":[{"embeddable":true,"href":"https:\/\/agpnoticias.com\/news\/index.php?rest_route=%2Fwp%2Fv2%2Fcomments&post=2986108"}],"version-history":[{"count":2,"href":"https:\/\/agpnoticias.com\/news\/index.php?rest_route=\/wp\/v2\/posts\/2986108\/revisions"}],"predecessor-version":[{"id":2986111,"href":"https:\/\/agpnoticias.com\/news\/index.php?rest_route=\/wp\/v2\/posts\/2986108\/revisions\/2986111"}],"wp:featuredmedia":[{"embeddable":true,"href":"https:\/\/agpnoticias.com\/news\/index.php?rest_route=\/wp\/v2\/media\/2986109"}],"wp:attachment":[{"href":"https:\/\/agpnoticias.com\/news\/index.php?rest_route=%2Fwp%2Fv2%2Fmedia&parent=2986108"}],"wp:term":[{"taxonomy":"category","embeddable":true,"href":"https:\/\/agpnoticias.com\/news\/index.php?rest_route=%2Fwp%2Fv2%2Fcategories&post=2986108"},{"taxonomy":"post_tag","embeddable":true,"href":"https:\/\/agpnoticias.com\/news\/index.php?rest_route=%2Fwp%2Fv2%2Ftags&post=2986108"}],"curies":[{"name":"wp","href":"https:\/\/api.w.org\/{rel}","templated":true}]}}