{"id":2986112,"date":"2025-07-30T12:27:32","date_gmt":"2025-07-30T19:27:32","guid":{"rendered":"https:\/\/agpnoticias.com\/news\/?p=2986112"},"modified":"2025-07-30T12:27:34","modified_gmt":"2025-07-30T19:27:34","slug":"concluye-en-cetys-ensenada-edicion-13-del-international-summer-program-2025","status":"publish","type":"post","link":"https:\/\/agpnoticias.com\/news\/?p=2986112","title":{"rendered":"Concluye en CETYS Ensenada edici\u00f3n 13 del International Summer Program 2025."},"content":{"rendered":"\n<p>Ensenada, Baja California.- Despu\u00e9s de dos semanas de actividades acad\u00e9micas, culturales y sociales, un total de 270 estudiantes y 11 acad\u00e9micos de 22 pa\u00edses concluyeron este viernes 26 de julio su participaci\u00f3n en el International Summer Program (ISP) 2025 de CETYS Universidad Campus Internacional Ensenada, realizado en modalidades presencial y virtual.<\/p>\n\n\n\n<p>El cierre oficial de actividades se llev\u00f3 a cabo mediante una emotiva ceremonia que cont\u00f3 con la participaci\u00f3n de directivos de CETYS Universidad. Durante el evento, el Dr. Scott Venezia, Director de Relaciones Internacionales, comparti\u00f3 un mensaje de agradecimiento en el que reconoci\u00f3 el \u00e9xito alcanzado en esta edici\u00f3n del programa.<\/p>\n\n\n\n<p>\u201cEl prop\u00f3sito del programa es brindar una experiencia internacional de alta calidad tanto a nuestros estudiantes de CETYS como a los estudiantes extranjeros. El ISP es un programa bien ejecutado, un programa que al menos durante 11 meses, se planifica y organiza\u201d.<\/p>\n\n\n\n<figure class=\"wp-block-image size-large\"><img fetchpriority=\"high\" decoding=\"async\" width=\"810\" height=\"718\" src=\"https:\/\/agpnoticias.com\/news\/wp-content\/uploads\/2025\/07\/FOTO-1-810x718.jpg\" alt=\"\" class=\"wp-image-2986114\"\/><\/figure>\n\n\n\n<p>As\u00ed mismo, el&nbsp;Dr. Alberto G\u00e1rate Rivera, Vicerrector Acad\u00e9mico del Sistema CETYS Universidad,&nbsp;invit\u00f3 a los asistentes a compartir en sus comunidades todo lo positivo que para ellos represent\u00f3 el ISP: \u201cSi la experiencia acad\u00e9mica de este verano en CETYS les ha valido la pena, hablen bien de ella. As\u00ed mantendremos este programa en los a\u00f1os por venir<em>\u201d.<\/em><\/p>\n\n\n\n<p>Por su parte el Docente Global Invitado Engelbert Pasag, proveniente de Filipinas, destac\u00f3 la importancia de la internacionalizaci\u00f3n y c\u00f3mo independientemente de las diferencias culturales, los estudiantes lograron integrarse y beneficiarse de ello:<\/p>\n\n\n\n<p>\u201cEn nuestra aula, no solo vimos estudiantes de diferentes pa\u00edses, vimos el poder de la diversidad en acci\u00f3n. Nuestros estudiantes llegaron como individuos de diferentes continentes, culturas y antecedentes acad\u00e9micos, pero a trav\u00e9s de experiencias compartidas, animados debates en el aula, intercambios culturales que se convirtieron en amistades y momentos de entendimiento mutuo, se volvi\u00f3 algo m\u00e1s grande. Se convirtieron en la prueba de que nuestras diferencias no nos dividen. Nos enriquecen\u201d.<\/p>\n\n\n\n<p>Durante el evento de clausura se entregaron certificados de participaci\u00f3n a los estudiantes y a los docentes por su exitosa colaboraci\u00f3n, para finalizar, el alumno Emmanuel De Arcos S\u00e1nchez, quien particip\u00f3 en el curso de Energ\u00edas Renovables, destac\u00f3 la importancia de vivir esta experiencia de internacionalizaci\u00f3n en casa:&nbsp;<\/p>\n\n\n\n<p>\u201cAunque no fui yo quien viaj\u00f3 a un lugar nuevo, eso no quita que me sintiera como si estuviera en una ciudad muy diferente. Estaba rodeado de personas con diferentes formas de pensar y or\u00edgenes. Eso me impuls\u00f3 a ser m\u00e1s abierto, a escuchar m\u00e1s y a ver el mundo con mayor amplitud, incluso dentro de mi propia ciudad. Esta experiencia me ayud\u00f3 a darme cuenta de lo interconectados que estamos todos. Me inspir\u00f3 a seguir aprendiendo, a seguir siendo curioso y a seguir buscando oportunidades que me permitan crecer. \u00a1Gracias CETYS!\u201d.<\/p>\n\n\n\n<p>Cabe destacar que la edici\u00f3n 2025 del Programa Internacional de Verano cont\u00f3 con doce cursos intensivos en las \u00e1reas de Gesti\u00f3n Estrat\u00e9gica, Creatividad e Innovaci\u00f3n, \u00c9tica Empresarial, Gesti\u00f3n de Proyectos, Sostenibilidad, Inteligencia de Negocios, Negociaci\u00f3n Internacional, Cadena de Suministro, Gesti\u00f3n Global, Energ\u00edas Renovables, Comercio Internacional en la Regi\u00f3n de Norteam\u00e9rica, Marketing en Redes Sociales e Historia y Cultura de M\u00e9xico y la Frontera con Estados Unidos.&nbsp;<\/p>\n\n\n\n<p>En la edici\u00f3n de este a\u00f1o se cont\u00f3 con la presencia en presidium de la Mra. Ana Gloria Pedr\u00edn, Directora Acad\u00e9mica de CETYS Universidad en el Campus Internacional de Ensenada;&nbsp;<\/p>\n\n\n\n<p>Dra. Diana Woolfolk Ruiz, Subdirectora de Relaciones Internacionales del Sistema CETYS; Dr. Jos\u00e9 Luis Bonilla,&nbsp;Director del Colegio de Ciencias Sociales y Humanidades del&nbsp;Sistema CETYS; Dr. Scott Venezia Corral, Director de Relaciones Internacionales del Sistema CETYS; Dr. Alberto G\u00e1rate Rivera,&nbsp;&nbsp;Vicerrector Acad\u00e9mico del Sistema CETYS&nbsp;y presidiendo esta ceremonia, el Dr. Francisco V\u00e9lez, Director CETYS Universidad Campus Internacional de Ensenada.<\/p>\n","protected":false},"excerpt":{"rendered":"<p>Ensenada, Baja California.- Despu\u00e9s de dos semanas de actividades acad\u00e9micas, culturales y sociales, un total&#8230;<\/p>\n","protected":false},"author":1,"featured_media":2986113,"comment_status":"closed","ping_status":"closed","sticky":false,"template":"","format":"standard","meta":{"footnotes":""},"categories":[1,879,704],"tags":[],"class_list":["post-2986112","post","type-post","status-publish","format-standard","has-post-thumbnail","hentry","category-uncategorized","category-cetys-universidad","category-deporte-estudiantil"],"_links":{"self":[{"href":"https:\/\/agpnoticias.com\/news\/index.php?rest_route=\/wp\/v2\/posts\/2986112","targetHints":{"allow":["GET"]}}],"collection":[{"href":"https:\/\/agpnoticias.com\/news\/index.php?rest_route=\/wp\/v2\/posts"}],"about":[{"href":"https:\/\/agpnoticias.com\/news\/index.php?rest_route=\/wp\/v2\/types\/post"}],"author":[{"embeddable":true,"href":"https:\/\/agpnoticias.com\/news\/index.php?rest_route=\/wp\/v2\/users\/1"}],"replies":[{"embeddable":true,"href":"https:\/\/agpnoticias.com\/news\/index.php?rest_route=%2Fwp%2Fv2%2Fcomments&post=2986112"}],"version-history":[{"count":1,"href":"https:\/\/agpnoticias.com\/news\/index.php?rest_route=\/wp\/v2\/posts\/2986112\/revisions"}],"predecessor-version":[{"id":2986115,"href":"https:\/\/agpnoticias.com\/news\/index.php?rest_route=\/wp\/v2\/posts\/2986112\/revisions\/2986115"}],"wp:featuredmedia":[{"embeddable":true,"href":"https:\/\/agpnoticias.com\/news\/index.php?rest_route=\/wp\/v2\/media\/2986113"}],"wp:attachment":[{"href":"https:\/\/agpnoticias.com\/news\/index.php?rest_route=%2Fwp%2Fv2%2Fmedia&parent=2986112"}],"wp:term":[{"taxonomy":"category","embeddable":true,"href":"https:\/\/agpnoticias.com\/news\/index.php?rest_route=%2Fwp%2Fv2%2Fcategories&post=2986112"},{"taxonomy":"post_tag","embeddable":true,"href":"https:\/\/agpnoticias.com\/news\/index.php?rest_route=%2Fwp%2Fv2%2Ftags&post=2986112"}],"curies":[{"name":"wp","href":"https:\/\/api.w.org\/{rel}","templated":true}]}}