{"id":2987378,"date":"2025-09-06T17:49:45","date_gmt":"2025-09-07T00:49:45","guid":{"rendered":"https:\/\/agpnoticias.com\/news\/?p=2987378"},"modified":"2025-09-06T17:56:52","modified_gmt":"2025-09-07T00:56:52","slug":"sergio-ramos-del-campo-de-juego-al-escenario-delos-grammy","status":"publish","type":"post","link":"https:\/\/agpnoticias.com\/news\/?p=2987378","title":{"rendered":"Sergio\u00a0Ramos:\u00a0\u00bfDel\u00a0campo\u00a0de\u00a0juego\u00a0al\u00a0escenario\u00a0delos\u00a0Grammy?"},"content":{"rendered":"\n<p>Ensenada, Baja California.- Sergio Ramos, uno de los \u00edconos m\u00e1s representativos del f\u00fatbol espa\u00f1ol&nbsp;<br>en las \u00faltimas d\u00e9cadas, sigue dando de qu\u00e9 hablar, incluso fuera de las&nbsp;canchas. En un giro inesperado, el excapit\u00e1n del Real Madrid no solo&nbsp;suena como futuro entrenador en Europa, sino que tambi\u00e9n ha sido&nbsp;propuesto como candidato&#8230; \u00a1para los Grammy!&nbsp;<\/p>\n\n\n\n<p>Conocido por su car\u00e1cter competitivo y su liderazgo indiscutible, Ramos\u00a0ha insinuado en entrevistas recientes que su futuro podr\u00eda estar vinculado\u00a0al banquillo t\u00e9cnico, con aspiraciones serias de dirigir a equipos de primer\u00a0nivel, incluso en la\u00a0<strong><a href=\"https:\/\/www.flashscore.cl\/futbol\/europa\/champions-league\/\">Champions League<\/a><\/strong>.\u00a0Pero\u00a0lo\u00a0que\u00a0sorprendi\u00f3\u00a0a\u00a0muchos\u00a0fue una declaraci\u00f3n de un allegado que brome\u00f3 con que \u00absi no es\u00a0entrenador, ser\u00e1 artista. Tiene la presencia para los Grammy\u00bb. Una\u00a0afirmaci\u00f3n que desat\u00f3 reacciones en redes sociales y portales deportivos.\u00a0<\/p>\n\n\n\n<p>Mientras tanto, el defensor andaluz contin\u00faa entrenando y manteni\u00e9ndose&nbsp;en forma, consciente de que a\u00fan puede aportar experiencia en el terreno&nbsp;de juego. No obstante, su creciente inter\u00e9s por la t\u00e1ctica y la gesti\u00f3n de&nbsp;vestuarios parece dejar entrever que su transici\u00f3n al cuerpo t\u00e9cnico podr\u00eda&nbsp;darse m\u00e1s pronto que tarde.&nbsp;<\/p>\n\n\n\n<p>Si Ramos decide colgar los botines definitivamente, ya tiene claro su&nbsp;siguiente paso:&nbsp;\u201cMe gustar\u00eda liderar desde el otro lado de la l\u00ednea. El f\u00fatbol&nbsp;es mi vida y quiero seguir aportando\u201d, declar\u00f3 en una reciente entrevista.&nbsp;<\/p>\n\n\n\n<p>Por ahora, solo queda esperar si su nombre aparecer\u00e1 en una terna de&nbsp;premios musicales o en la lista de futuros t\u00e9cnicos de clubes europeos.&nbsp;Sea cual sea el camino, Sergio Ramos parece tener claro que su retiro no&nbsp;ser\u00e1 sin protagonismo.&nbsp;<\/p>\n\n\n\n<p>Consulta los\u00a0<strong><a href=\"https:\/\/www.flashscore.com.mx\/\">resultados de futbol en vivo<\/a><\/strong>\u00a0paraseguir\u00a0de\u00a0cerca\u00a0la\u00a0actividad de las estrellas que, como Ramos, siguen marcando la historia.<\/p>\n\n\n\n<p><\/p>\n","protected":false},"excerpt":{"rendered":"<p>Ensenada, Baja California.- Sergio Ramos, uno de los \u00edconos m\u00e1s representativos del f\u00fatbol espa\u00f1ol&nbsp;en las&#8230;<\/p>\n","protected":false},"author":1,"featured_media":2987379,"comment_status":"closed","ping_status":"closed","sticky":false,"template":"","format":"standard","meta":{"footnotes":""},"categories":[32],"tags":[],"class_list":["post-2987378","post","type-post","status-publish","format-standard","has-post-thumbnail","hentry","category-soccer"],"_links":{"self":[{"href":"https:\/\/agpnoticias.com\/news\/index.php?rest_route=\/wp\/v2\/posts\/2987378","targetHints":{"allow":["GET"]}}],"collection":[{"href":"https:\/\/agpnoticias.com\/news\/index.php?rest_route=\/wp\/v2\/posts"}],"about":[{"href":"https:\/\/agpnoticias.com\/news\/index.php?rest_route=\/wp\/v2\/types\/post"}],"author":[{"embeddable":true,"href":"https:\/\/agpnoticias.com\/news\/index.php?rest_route=\/wp\/v2\/users\/1"}],"replies":[{"embeddable":true,"href":"https:\/\/agpnoticias.com\/news\/index.php?rest_route=%2Fwp%2Fv2%2Fcomments&post=2987378"}],"version-history":[{"count":2,"href":"https:\/\/agpnoticias.com\/news\/index.php?rest_route=\/wp\/v2\/posts\/2987378\/revisions"}],"predecessor-version":[{"id":2987381,"href":"https:\/\/agpnoticias.com\/news\/index.php?rest_route=\/wp\/v2\/posts\/2987378\/revisions\/2987381"}],"wp:featuredmedia":[{"embeddable":true,"href":"https:\/\/agpnoticias.com\/news\/index.php?rest_route=\/wp\/v2\/media\/2987379"}],"wp:attachment":[{"href":"https:\/\/agpnoticias.com\/news\/index.php?rest_route=%2Fwp%2Fv2%2Fmedia&parent=2987378"}],"wp:term":[{"taxonomy":"category","embeddable":true,"href":"https:\/\/agpnoticias.com\/news\/index.php?rest_route=%2Fwp%2Fv2%2Fcategories&post=2987378"},{"taxonomy":"post_tag","embeddable":true,"href":"https:\/\/agpnoticias.com\/news\/index.php?rest_route=%2Fwp%2Fv2%2Ftags&post=2987378"}],"curies":[{"name":"wp","href":"https:\/\/api.w.org\/{rel}","templated":true}]}}