{"id":2987815,"date":"2025-09-19T11:17:50","date_gmt":"2025-09-19T18:17:50","guid":{"rendered":"https:\/\/agpnoticias.com\/news\/?p=2987815"},"modified":"2025-09-19T11:17:53","modified_gmt":"2025-09-19T18:17:53","slug":"anuncian-dos-nuevas-vinadas-en-el-valle-de-guadalupe","status":"publish","type":"post","link":"https:\/\/agpnoticias.com\/news\/?p=2987815","title":{"rendered":"Anuncian dos nuevas Vi\u00f1adas en el Valle de Guadalupe"},"content":{"rendered":"\n<p>Ensenada, Baja California.- El grupo <em>Emprendedores del Valle de Guadalupe<\/em> anunci\u00f3 la realizaci\u00f3n de dos nuevos eventos en la regi\u00f3n vitivin\u00edcola, como parte del programa cultural y tur\u00edstico denominado <em>Vi\u00f1adas<\/em>, que buscan impulsar la econom\u00eda local y fortalecer la proyecci\u00f3n del Valle como destino enotur\u00edstico.<\/p>\n\n\n\n<p>El primer evento se llevar\u00e1 a cabo el <strong>domingo 21 de septiembre a partir de las 12:00 horas en Limbo Hotel Boutique<\/strong>, bajo el t\u00edtulo <em>\u201cVinos &amp; Sombreros\u201d<\/em>. La jornada contempla actividades tradicionales como el corte y pisado de uva, un concurso de sombreros, una subasta de arte <em>in situ<\/em> con el artista Antonio Proa, adem\u00e1s de presentaciones musicales de bachata y una noche bohemia con el cantante Porfirio Ziga.<\/p>\n\n\n\n<p>Posteriormente, el <strong>27 de septiembre en el vi\u00f1edo \u00cdndomito<\/strong> se realizar\u00e1 la <em>Segunda Feria del Caballo<\/em>, que incluir\u00e1 exhibici\u00f3n de caballos, competencias ecuestres, gastronom\u00eda, degustaci\u00f3n de vinos y m\u00fasica en vivo. El programa cerrar\u00e1 con un <strong>concierto gratuito de Majo Aguilar<\/strong>, int\u00e9rprete de m\u00fasica regional mexicano.<\/p>\n\n\n\n<p>Los organizadores destacaron que ambas <em>Vi\u00f1adas<\/em> forman parte de un esfuerzo coordinado por diversificar la oferta tur\u00edstica en el Valle de Guadalupe y ofrecer a visitantes y residentes experiencias que combinan la tradici\u00f3n vin\u00edcola con la cultura y el entretenimiento.<\/p>\n\n\n\n<p>Las actividades estar\u00e1n abiertas al p\u00fablico y se espera una importante afluencia tanto de locales como de turistas nacionales e internacionales.<\/p>\n","protected":false},"excerpt":{"rendered":"<p>Ensenada, Baja California.- El grupo Emprendedores del Valle de Guadalupe anunci\u00f3 la realizaci\u00f3n de dos&#8230;<\/p>\n","protected":false},"author":1,"featured_media":2987816,"comment_status":"closed","ping_status":"closed","sticky":false,"template":"","format":"standard","meta":{"footnotes":""},"categories":[1],"tags":[],"class_list":["post-2987815","post","type-post","status-publish","format-standard","has-post-thumbnail","hentry","category-uncategorized"],"_links":{"self":[{"href":"https:\/\/agpnoticias.com\/news\/index.php?rest_route=\/wp\/v2\/posts\/2987815","targetHints":{"allow":["GET"]}}],"collection":[{"href":"https:\/\/agpnoticias.com\/news\/index.php?rest_route=\/wp\/v2\/posts"}],"about":[{"href":"https:\/\/agpnoticias.com\/news\/index.php?rest_route=\/wp\/v2\/types\/post"}],"author":[{"embeddable":true,"href":"https:\/\/agpnoticias.com\/news\/index.php?rest_route=\/wp\/v2\/users\/1"}],"replies":[{"embeddable":true,"href":"https:\/\/agpnoticias.com\/news\/index.php?rest_route=%2Fwp%2Fv2%2Fcomments&post=2987815"}],"version-history":[{"count":1,"href":"https:\/\/agpnoticias.com\/news\/index.php?rest_route=\/wp\/v2\/posts\/2987815\/revisions"}],"predecessor-version":[{"id":2987819,"href":"https:\/\/agpnoticias.com\/news\/index.php?rest_route=\/wp\/v2\/posts\/2987815\/revisions\/2987819"}],"wp:featuredmedia":[{"embeddable":true,"href":"https:\/\/agpnoticias.com\/news\/index.php?rest_route=\/wp\/v2\/media\/2987816"}],"wp:attachment":[{"href":"https:\/\/agpnoticias.com\/news\/index.php?rest_route=%2Fwp%2Fv2%2Fmedia&parent=2987815"}],"wp:term":[{"taxonomy":"category","embeddable":true,"href":"https:\/\/agpnoticias.com\/news\/index.php?rest_route=%2Fwp%2Fv2%2Fcategories&post=2987815"},{"taxonomy":"post_tag","embeddable":true,"href":"https:\/\/agpnoticias.com\/news\/index.php?rest_route=%2Fwp%2Fv2%2Ftags&post=2987815"}],"curies":[{"name":"wp","href":"https:\/\/api.w.org\/{rel}","templated":true}]}}